{"id":87456,"date":"2021-02-10T12:22:00","date_gmt":"2021-02-10T15:22:00","guid":{"rendered":"https:\/\/eldiariodesanpedro.com.ar\/sitio\/?p=87456"},"modified":"2021-02-10T12:22:04","modified_gmt":"2021-02-10T15:22:04","slug":"san-nicolas-denuncian-abuso-sexual-por-parte-de-un-joven-de-23-anos","status":"publish","type":"post","link":"https:\/\/eldiariodesanpedro.com.ar\/sitio\/san-nicolas-denuncian-abuso-sexual-por-parte-de-un-joven-de-23-anos\/","title":{"rendered":"SAN NICOL\u00c1S | Denuncian abuso sexual por parte de un joven de 23 a\u00f1os"},"content":{"rendered":"<!-- VideographyWP Plugin Message: Automatic video embedding prevented by plugin options. -->\n\n<p>Una mujer de 50 a\u00f1os denunci\u00f3 haber sido v\u00edctima de Abuso Sexual en su propia casa. La se\u00f1ora cont\u00f3 que hab\u00eda invitado a un joven de 23 a\u00f1os a pasar la noche en su vivienda ya que es una persona que vive en la calle.<\/p>\n\n\n\n<p>Pero en horas de la madrugada, el individuo se present\u00f3 en su habitaci\u00f3n, desnudo y le arranc\u00f3 el pantal\u00f3n a la due\u00f1a de la casa, intentando abusar de ella.<\/p>\n\n\n\n<p>Finalmente, personal de la Polic\u00eda Local logr\u00f3 aprehenderlo en calle Naci\u00f3n y Contreras.<\/p>\n\n\n\n<p>Fuente: <a href=\"http:\/\/www.diarioelinformante.com.ar\/nota-60624_denuncian-abuso-sexual-por-parte-de-un-joven-de-23-aos\">Diario El Informante<\/a><\/p>\n","protected":false},"excerpt":{"rendered":"<p>Una mujer de 50 a\u00f1os denunci\u00f3 haber sido v\u00edctima de Abuso Sexual en su propia casa. La se\u00f1ora cont\u00f3 que hab\u00eda invitado a un joven de 23 a\u00f1os a pasar la noche en su vivienda ya que es una persona que vive en la calle. Pero en horas de la madrugada, el individuo se present\u00f3 [&hellip;]<\/p>\n","protected":false},"author":4,"featured_media":87457,"comment_status":"open","ping_status":"closed","sticky":false,"template":"","format":"standard","meta":{"om_disable_all_campaigns":false,"_jetpack_memberships_contains_paid_content":false,"footnotes":""},"categories":[621],"tags":[],"class_list":["post-87456","post","type-post","status-publish","format-standard","has-post-thumbnail","hentry","category-regionales"],"aioseo_notices":[],"gutentor_comment":0,"jetpack_featured_media_url":"https:\/\/eldiariodesanpedro.com.ar\/sitio\/wp-content\/uploads\/2021\/02\/no_aksi7xuq8fq2eltWhatsApp_Image_2021_02_10_at_08.00.42.png","jetpack_shortlink":"https:\/\/wp.me\/p6RhLt-mKA","jetpack_sharing_enabled":true,"_links":{"self":[{"href":"https:\/\/eldiariodesanpedro.com.ar\/sitio\/wp-json\/wp\/v2\/posts\/87456","targetHints":{"allow":["GET"]}}],"collection":[{"href":"https:\/\/eldiariodesanpedro.com.ar\/sitio\/wp-json\/wp\/v2\/posts"}],"about":[{"href":"https:\/\/eldiariodesanpedro.com.ar\/sitio\/wp-json\/wp\/v2\/types\/post"}],"author":[{"embeddable":true,"href":"https:\/\/eldiariodesanpedro.com.ar\/sitio\/wp-json\/wp\/v2\/users\/4"}],"replies":[{"embeddable":true,"href":"https:\/\/eldiariodesanpedro.com.ar\/sitio\/wp-json\/wp\/v2\/comments?post=87456"}],"version-history":[{"count":1,"href":"https:\/\/eldiariodesanpedro.com.ar\/sitio\/wp-json\/wp\/v2\/posts\/87456\/revisions"}],"predecessor-version":[{"id":87458,"href":"https:\/\/eldiariodesanpedro.com.ar\/sitio\/wp-json\/wp\/v2\/posts\/87456\/revisions\/87458"}],"wp:featuredmedia":[{"embeddable":true,"href":"https:\/\/eldiariodesanpedro.com.ar\/sitio\/wp-json\/wp\/v2\/media\/87457"}],"wp:attachment":[{"href":"https:\/\/eldiariodesanpedro.com.ar\/sitio\/wp-json\/wp\/v2\/media?parent=87456"}],"wp:term":[{"taxonomy":"category","embeddable":true,"href":"https:\/\/eldiariodesanpedro.com.ar\/sitio\/wp-json\/wp\/v2\/categories?post=87456"},{"taxonomy":"post_tag","embeddable":true,"href":"https:\/\/eldiariodesanpedro.com.ar\/sitio\/wp-json\/wp\/v2\/tags?post=87456"}],"curies":[{"name":"wp","href":"https:\/\/api.w.org\/{rel}","templated":true}]}}