{"id":87453,"date":"2021-02-10T12:19:39","date_gmt":"2021-02-10T15:19:39","guid":{"rendered":"https:\/\/eldiariodesanpedro.com.ar\/sitio\/?p=87453"},"modified":"2021-02-10T12:19:42","modified_gmt":"2021-02-10T15:19:42","slug":"campana-el-ciclo-lectivo-2021-de-la-utn-regional-delta-comenzara-de-manera-virtual","status":"publish","type":"post","link":"https:\/\/eldiariodesanpedro.com.ar\/sitio\/campana-el-ciclo-lectivo-2021-de-la-utn-regional-delta-comenzara-de-manera-virtual\/","title":{"rendered":"CAMPANA | El Ciclo Lectivo 2021 de la UTN Regional Delta comenzar\u00e1 de manera virtual"},"content":{"rendered":"<!-- VideographyWP Plugin Message: Automatic video embedding prevented by plugin options. -->\n\n<p>Tanto para las actividades acad\u00e9micas de ingreso, grado, posgrado como para las tecnicaturas, respetando el calendario acad\u00e9mico. El retorno a las actividades presenciales ser\u00e1 evaluado conforme el transcurrir de la pandemia.<\/p>\n\n\n\n<p>Autoridades de la Universidad Tecnol\u00f3gica Nacional (UTN) &#8211; Facultad Regional Delta (FRD) informaron que las actividades acad\u00e9micas de ingreso, grado, posgrado, y tecnicaturas iniciar\u00e1n en las fechas estipuladas en el calendario acad\u00e9mico, con modalidad virtual.<\/p>\n\n\n\n<p>El retorno a las actividades presenciales ser\u00e1 evaluado e informado oportunamente, teniendo en cuenta la posibilidad de aseguramiento de las condiciones de seguridad sanitaria correspondientes, la normativa nacional y provincial vigente y la aprobaci\u00f3n de los protocolos correspondientes ya gestionados.<\/p>\n\n\n\n<p>Fuente: <a href=\"https:\/\/www.campananoticias.com\/noticia\/65894\/el-ciclo-lectivo-2021-de-la-utn-regional-delta-comenzar-de-manera-virtual\">Campana Noticias<\/a><\/p>\n","protected":false},"excerpt":{"rendered":"<p>Tanto para las actividades acad\u00e9micas de ingreso, grado, posgrado como para las tecnicaturas, respetando el calendario acad\u00e9mico. El retorno a las actividades presenciales ser\u00e1 evaluado conforme el transcurrir de la pandemia. Autoridades de la Universidad Tecnol\u00f3gica Nacional (UTN) &#8211; Facultad Regional Delta (FRD) informaron que las actividades acad\u00e9micas de ingreso, grado, posgrado, y tecnicaturas iniciar\u00e1n [&hellip;]<\/p>\n","protected":false},"author":4,"featured_media":87454,"comment_status":"open","ping_status":"closed","sticky":false,"template":"","format":"standard","meta":{"om_disable_all_campaigns":false,"_jetpack_memberships_contains_paid_content":false,"footnotes":""},"categories":[621],"tags":[],"class_list":["post-87453","post","type-post","status-publish","format-standard","has-post-thumbnail","hentry","category-regionales"],"aioseo_notices":[],"gutentor_comment":0,"jetpack_featured_media_url":"https:\/\/eldiariodesanpedro.com.ar\/sitio\/wp-content\/uploads\/2021\/02\/20210209040959.jpg","jetpack_shortlink":"https:\/\/wp.me\/p6RhLt-mKx","jetpack_sharing_enabled":true,"_links":{"self":[{"href":"https:\/\/eldiariodesanpedro.com.ar\/sitio\/wp-json\/wp\/v2\/posts\/87453","targetHints":{"allow":["GET"]}}],"collection":[{"href":"https:\/\/eldiariodesanpedro.com.ar\/sitio\/wp-json\/wp\/v2\/posts"}],"about":[{"href":"https:\/\/eldiariodesanpedro.com.ar\/sitio\/wp-json\/wp\/v2\/types\/post"}],"author":[{"embeddable":true,"href":"https:\/\/eldiariodesanpedro.com.ar\/sitio\/wp-json\/wp\/v2\/users\/4"}],"replies":[{"embeddable":true,"href":"https:\/\/eldiariodesanpedro.com.ar\/sitio\/wp-json\/wp\/v2\/comments?post=87453"}],"version-history":[{"count":1,"href":"https:\/\/eldiariodesanpedro.com.ar\/sitio\/wp-json\/wp\/v2\/posts\/87453\/revisions"}],"predecessor-version":[{"id":87455,"href":"https:\/\/eldiariodesanpedro.com.ar\/sitio\/wp-json\/wp\/v2\/posts\/87453\/revisions\/87455"}],"wp:featuredmedia":[{"embeddable":true,"href":"https:\/\/eldiariodesanpedro.com.ar\/sitio\/wp-json\/wp\/v2\/media\/87454"}],"wp:attachment":[{"href":"https:\/\/eldiariodesanpedro.com.ar\/sitio\/wp-json\/wp\/v2\/media?parent=87453"}],"wp:term":[{"taxonomy":"category","embeddable":true,"href":"https:\/\/eldiariodesanpedro.com.ar\/sitio\/wp-json\/wp\/v2\/categories?post=87453"},{"taxonomy":"post_tag","embeddable":true,"href":"https:\/\/eldiariodesanpedro.com.ar\/sitio\/wp-json\/wp\/v2\/tags?post=87453"}],"curies":[{"name":"wp","href":"https:\/\/api.w.org\/{rel}","templated":true}]}}