{"id":87450,"date":"2021-02-10T12:17:36","date_gmt":"2021-02-10T15:17:36","guid":{"rendered":"https:\/\/eldiariodesanpedro.com.ar\/sitio\/?p=87450"},"modified":"2021-02-10T12:17:40","modified_gmt":"2021-02-10T15:17:40","slug":"zarate-entradera-y-tiroteo-los-delincuentes-lograron-escapar","status":"publish","type":"post","link":"https:\/\/eldiariodesanpedro.com.ar\/sitio\/zarate-entradera-y-tiroteo-los-delincuentes-lograron-escapar\/","title":{"rendered":"Z\u00c1RATE | Entradera y tiroteo: los delincuentes lograron escapar"},"content":{"rendered":"<!-- VideographyWP Plugin Message: Automatic video embedding prevented by plugin options. -->\n\n<p><strong>En la ma\u00f1ana de ayer una familia sufri\u00f3 una entradera a mano de siete delincuentes que mantuvieron un feroz enfrentamiento armado con la polic\u00eda cuando escapaban.<\/strong><\/p>\n\n\n\n<p>Todo comenz\u00f3 cerca de las 09:00 en una vivienda ubicada en calle 7 al 366 de Lima. Algunos miembros de la familia salieron al patio y se encontraron con un sujeto que estaba escondido detr\u00e1s de un galp\u00f3n, donde mantienen guardadas herramientas de trabajo, y luego se abalanz\u00f3 sobre una de las personas y la redujo.<\/p>\n\n\n\n<p>Luego otros seis malvivientes con armas de fuego salieron del galp\u00f3n y se dirigieron hacia el interior de la vivienda con amenazas en todo momento.&nbsp; Posteriormente redujeron a todos los miembros de la familia, los ataron con precintos y al mismo tiempo les exig\u00edan dinero.<\/p>\n\n\n\n<p>Uno de los integrantes de la familia justo estaba manteniendo una videollamada con un compa\u00f1ero de estudio y fue este que not\u00f3 el accionar de los malvivientes por lo que tras interrumpirse la comunicaci\u00f3n decidi\u00f3 dar aviso al 911.<\/p>\n\n\n\n<p>Mientras tanto, con gran violencia, los ladrones exig\u00edan la ubicaci\u00f3n de una caja fuerte a la vez que armaban su bot\u00edn compuesto de celulares, computadoras y dinero en efectivo en pesos y d\u00f3lares.<\/p>\n\n\n\n<p>Minutos m\u00e1s tarde, personal policial arrib\u00f3 al domicilio indicado y fue en ese momento cuando se encontraron con la banda de malvivientes que estaba del lugar. De los siete que integraban la banda, solamente uno ten\u00eda la cara descubierta ya que los otros ten\u00edan colocados barbijos y gorro.<\/p>\n\n\n\n<p>Ante la voz de alto de los uniformados, los delincuentes comenzaron a disparar sobre el personal policial lo que dio origen a un feroz enfrentamiento, disparos a plena luz del d\u00eda y en las proximidades del centro de Lima. Pese a esta situaci\u00f3n todos los delincuentes lograron escapar.<\/p>\n\n\n\n<p>Fuente: <a href=\"https:\/\/impactolocal.com.ar\/2021\/02\/10\/entradera-y-tiroteo-los-delincuentes-lograron-escapar\/\">Impacto Local<\/a><\/p>\n","protected":false},"excerpt":{"rendered":"<p>En la ma\u00f1ana de ayer una familia sufri\u00f3 una entradera a mano de siete delincuentes que mantuvieron un feroz enfrentamiento armado con la polic\u00eda cuando escapaban. Todo comenz\u00f3 cerca de las 09:00 en una vivienda ubicada en calle 7 al 366 de Lima. Algunos miembros de la familia salieron al patio y se encontraron con [&hellip;]<\/p>\n","protected":false},"author":4,"featured_media":87451,"comment_status":"open","ping_status":"closed","sticky":false,"template":"","format":"standard","meta":{"om_disable_all_campaigns":false,"_jetpack_memberships_contains_paid_content":false,"footnotes":""},"categories":[621],"tags":[],"class_list":["post-87450","post","type-post","status-publish","format-standard","has-post-thumbnail","hentry","category-regionales"],"aioseo_notices":[],"gutentor_comment":0,"jetpack_featured_media_url":"https:\/\/eldiariodesanpedro.com.ar\/sitio\/wp-content\/uploads\/2021\/02\/000085506.jpg","jetpack_shortlink":"https:\/\/wp.me\/p6RhLt-mKu","jetpack_sharing_enabled":true,"_links":{"self":[{"href":"https:\/\/eldiariodesanpedro.com.ar\/sitio\/wp-json\/wp\/v2\/posts\/87450","targetHints":{"allow":["GET"]}}],"collection":[{"href":"https:\/\/eldiariodesanpedro.com.ar\/sitio\/wp-json\/wp\/v2\/posts"}],"about":[{"href":"https:\/\/eldiariodesanpedro.com.ar\/sitio\/wp-json\/wp\/v2\/types\/post"}],"author":[{"embeddable":true,"href":"https:\/\/eldiariodesanpedro.com.ar\/sitio\/wp-json\/wp\/v2\/users\/4"}],"replies":[{"embeddable":true,"href":"https:\/\/eldiariodesanpedro.com.ar\/sitio\/wp-json\/wp\/v2\/comments?post=87450"}],"version-history":[{"count":1,"href":"https:\/\/eldiariodesanpedro.com.ar\/sitio\/wp-json\/wp\/v2\/posts\/87450\/revisions"}],"predecessor-version":[{"id":87452,"href":"https:\/\/eldiariodesanpedro.com.ar\/sitio\/wp-json\/wp\/v2\/posts\/87450\/revisions\/87452"}],"wp:featuredmedia":[{"embeddable":true,"href":"https:\/\/eldiariodesanpedro.com.ar\/sitio\/wp-json\/wp\/v2\/media\/87451"}],"wp:attachment":[{"href":"https:\/\/eldiariodesanpedro.com.ar\/sitio\/wp-json\/wp\/v2\/media?parent=87450"}],"wp:term":[{"taxonomy":"category","embeddable":true,"href":"https:\/\/eldiariodesanpedro.com.ar\/sitio\/wp-json\/wp\/v2\/categories?post=87450"},{"taxonomy":"post_tag","embeddable":true,"href":"https:\/\/eldiariodesanpedro.com.ar\/sitio\/wp-json\/wp\/v2\/tags?post=87450"}],"curies":[{"name":"wp","href":"https:\/\/api.w.org\/{rel}","templated":true}]}}