{"id":87444,"date":"2021-02-10T12:10:02","date_gmt":"2021-02-10T15:10:02","guid":{"rendered":"https:\/\/eldiariodesanpedro.com.ar\/sitio\/?p=87444"},"modified":"2021-02-10T12:10:03","modified_gmt":"2021-02-10T15:10:03","slug":"docentes-exigen-el-cumplimiento-de-protocolos-sanitarios-de-cara-al-retorno-de-las-clases-presenciales","status":"publish","type":"post","link":"https:\/\/eldiariodesanpedro.com.ar\/sitio\/docentes-exigen-el-cumplimiento-de-protocolos-sanitarios-de-cara-al-retorno-de-las-clases-presenciales\/","title":{"rendered":"Docentes exigen el cumplimiento de protocolos sanitarios de cara al retorno de las clases presenciales"},"content":{"rendered":"<!-- VideographyWP Plugin Message: Automatic video embedding prevented by plugin options. -->\n\n<p><strong>El Secretario General del gremio docente SUTEBA seccional Z\u00e1rate, Cristian Poli, brind\u00f3 en detalles los puntos en los que hacen hincapi\u00e9 en busca del retorno de las clases presenciales en el \u00e1mbito local y las definiciones que se vienen dando en la comunidad educativa local.&nbsp;<\/strong><\/p>\n\n\n\n<p>\u201cQueremos volver a las clases presenciales, sabiendo que las condiciones no ser\u00e1n las mismas a las que estaban presentes antes de la pandemia, entonces planteamos que existen protocolos establecidos que indican diferentes puntos\u201d explic\u00f3 en declaraciones a Fm Omega el dirigente sindical.<\/p>\n\n\n\n<p>Entre los puntos m\u00e1s importantes remarc\u00f3 \u201cel primero es la situaci\u00f3n epidemiol\u00f3gica, la situaci\u00f3n en la que est\u00e1 la ciudad en cuanto al nivel de contagios porque pensemos que las escuelas son lugares donde concurren una gran cantidad de personas y si el nivel de circulaci\u00f3n de personas es alto, volver ser\u00eda imposible\u201d.<\/p>\n\n\n\n<p>\u201cEl otro tema es la infraestructura porque los grupos deben ser reducidos, la circulaci\u00f3n de aire debe ser constante, tiene que haber buenas condiciones en los sanitarios de los ba\u00f1os, se tiene que contar con el personal suficiente, teniendo en cuenta que hay personal docente y auxiliares de licencia por enfermedades de alto riesgo y se tienen que designar suplencias\u201d agreg\u00f3 Poli y al mismo tiempo consign\u00f3 \u201ctodo lo que se refiere a los elementos de bioseguridad, todos los protocolos que incluye la ropa para el personal auxiliar, las m\u00e1scaras, elementos higi\u00e9nicos as\u00ed como tambi\u00e9n para los docentes que debe ser entregado por Provincia\u201d.<\/p>\n\n\n\n<p>Mientras que el otro punto tambi\u00e9n sumamente importante \u201ctiene que ver con la vacunaci\u00f3n para los docentes porque nosotros estamos expuestos a una circulaci\u00f3n m\u00e1s alta del virus porque en el caso de los y las maestras tiene hasta tres cargos, por lo tanto son muchos cursos, y en el caso de los profesores ven hasta 170 alumnos por d\u00eda, as\u00ed que somos un agente de riesgo importante por eso el tema de la vacunaci\u00f3n es fundamental\u201d recalc\u00f3 el Secretario General de SUTEBA.<\/p>\n\n\n\n<p>Para concluir confirm\u00f3 que la sede del gremio ser\u00e1 un punto de vacunaci\u00f3n IOMA donde se aplicar\u00e1n las dosis a docentes, auxiliares y polic\u00edas, \u201cestamos de acuerdo en que se deben producir las clases presenciales pero tienen que ser con el m\u00e1ximo cumplimiento de los protocolos para no exponer ni a los pibes ni a las pibas ni tampoco a los docentes ni auxiliares, etc\u201d. Al tiempo que tambi\u00e9n record\u00f3 que \u201cla asistencia es optativa, cada padre decidir\u00e1 si enviar\u00e1 o no a sus hijos a la escuelas, pero en nuestro caso lo que exigimos es el cumplimiento de todos los protocolos que ya existen\u201d.<\/p>\n\n\n\n<p>Vale recordar que el Gobierno bonaerense estableci\u00f3 el lunes de manera oficial \u201cla actividad presencial\u201d en las escuelas \u201cde todos los distritos de la provincia\u201d. Lo hizo al publicar en el Bolet\u00edn Oficial de la provincia la resoluci\u00f3n f N\u00b0 415-2021 de la cartera de educaci\u00f3n, que conduce Agustina Vila y que, en su art\u00edculo 1, establece \u201cla actividad presencial en los establecimientos educativos de todos los distritos de la provincia de Buenos Aires\u201d.<\/p>\n\n\n\n<p>De esa manera, dej\u00f3 sin efecto la resoluci\u00f3n N\u00b0 1791-2020 de la Direcci\u00f3n General de Cultura y Educaci\u00f3n que pautaba la actividad dentro de las instituciones para peque\u00f1os equipos de directivos, docentes y auxiliares.<\/p>\n\n\n\n<p>La normativa se enmarca en el decreto nacional N\u00b0 67\/21 en el que se establece que \u201cpodr\u00e1n reanudarse las clases presenciales y las actividades educativas no escolares presenciales\u201d de acuerdo a las distintas situaciones epidemiol\u00f3gicas que transiten los distritos por la pandemia de coronavirus.<\/p>\n","protected":false},"excerpt":{"rendered":"<p>El Secretario General del gremio docente SUTEBA seccional Z\u00e1rate, Cristian Poli, brind\u00f3 en detalles los puntos en los que hacen hincapi\u00e9 en busca del retorno de las clases presenciales en el \u00e1mbito local y las definiciones que se vienen dando en la comunidad educativa local.&nbsp; \u201cQueremos volver a las clases presenciales, sabiendo que las condiciones [&hellip;]<\/p>\n","protected":false},"author":4,"featured_media":87445,"comment_status":"open","ping_status":"closed","sticky":false,"template":"","format":"standard","meta":{"om_disable_all_campaigns":false,"_jetpack_memberships_contains_paid_content":false,"footnotes":""},"categories":[621],"tags":[],"class_list":["post-87444","post","type-post","status-publish","format-standard","has-post-thumbnail","hentry","category-regionales"],"aioseo_notices":[],"gutentor_comment":0,"jetpack_featured_media_url":"https:\/\/eldiariodesanpedro.com.ar\/sitio\/wp-content\/uploads\/2021\/02\/docentes-clases.jpg","jetpack_shortlink":"https:\/\/wp.me\/p6RhLt-mKo","jetpack_sharing_enabled":true,"_links":{"self":[{"href":"https:\/\/eldiariodesanpedro.com.ar\/sitio\/wp-json\/wp\/v2\/posts\/87444","targetHints":{"allow":["GET"]}}],"collection":[{"href":"https:\/\/eldiariodesanpedro.com.ar\/sitio\/wp-json\/wp\/v2\/posts"}],"about":[{"href":"https:\/\/eldiariodesanpedro.com.ar\/sitio\/wp-json\/wp\/v2\/types\/post"}],"author":[{"embeddable":true,"href":"https:\/\/eldiariodesanpedro.com.ar\/sitio\/wp-json\/wp\/v2\/users\/4"}],"replies":[{"embeddable":true,"href":"https:\/\/eldiariodesanpedro.com.ar\/sitio\/wp-json\/wp\/v2\/comments?post=87444"}],"version-history":[{"count":1,"href":"https:\/\/eldiariodesanpedro.com.ar\/sitio\/wp-json\/wp\/v2\/posts\/87444\/revisions"}],"predecessor-version":[{"id":87446,"href":"https:\/\/eldiariodesanpedro.com.ar\/sitio\/wp-json\/wp\/v2\/posts\/87444\/revisions\/87446"}],"wp:featuredmedia":[{"embeddable":true,"href":"https:\/\/eldiariodesanpedro.com.ar\/sitio\/wp-json\/wp\/v2\/media\/87445"}],"wp:attachment":[{"href":"https:\/\/eldiariodesanpedro.com.ar\/sitio\/wp-json\/wp\/v2\/media?parent=87444"}],"wp:term":[{"taxonomy":"category","embeddable":true,"href":"https:\/\/eldiariodesanpedro.com.ar\/sitio\/wp-json\/wp\/v2\/categories?post=87444"},{"taxonomy":"post_tag","embeddable":true,"href":"https:\/\/eldiariodesanpedro.com.ar\/sitio\/wp-json\/wp\/v2\/tags?post=87444"}],"curies":[{"name":"wp","href":"https:\/\/api.w.org\/{rel}","templated":true}]}}