{"id":87441,"date":"2021-02-10T11:34:08","date_gmt":"2021-02-10T14:34:08","guid":{"rendered":"https:\/\/eldiariodesanpedro.com.ar\/sitio\/?p=87441"},"modified":"2021-02-10T11:34:13","modified_gmt":"2021-02-10T14:34:13","slug":"mariano-arnal-reemplaza-a-sanchez-negrete-en-la-direccion-de-deportes","status":"publish","type":"post","link":"https:\/\/eldiariodesanpedro.com.ar\/sitio\/mariano-arnal-reemplaza-a-sanchez-negrete-en-la-direccion-de-deportes\/","title":{"rendered":"Mariano Arnal reemplaza a S\u00e1nchez Negrete en la Direcci\u00f3n de Deportes"},"content":{"rendered":"<!-- VideographyWP Plugin Message: Automatic video embedding prevented by plugin options. -->\n\n<p>El anuncio se oficializ\u00f3 el martes luego de que el ahora ex Director de Deportes decidiera renunciar para dedicarse a la actividad privada.\u00a0<\/p>\n\n\n\n<p>El Intendente Cecilio Salazar nombr\u00f3 nuevo Director de Deportes al profesor Mariano Arnal en lugar de Ramiro S\u00e1nchez Negrete quien present\u00f3 su renuncia en forma indeclinable hace unos d\u00edas.&nbsp;&nbsp;<\/p>\n\n\n\n<p>El ex funcionario le comunic\u00f3 su decisi\u00f3n al ejecutivo luego de que aceptara una propuesta privada.<\/p>\n\n\n\n<p>Arnal, ex jugador de f\u00fatbol de Paran\u00e1, Mitre, Sportivo Baradero e Independencia, entre otros clubes,\u00a0viene de desempe\u00f1arse como Director de Deportes del Club Mitre y docente en varias escuelas de la ciudad.\u00a0<\/p>\n\n\n\n<p>Fuente: <a href=\"https:\/\/www.sanpedroinforma.com.ar\/nota\/124006\/deportes\/mariano-arnal-reemplaza-a-sanchez-negrete-en-la-direccion-de-deportes.html\">San Pedro Informa<\/a><\/p>\n","protected":false},"excerpt":{"rendered":"<p>El anuncio se oficializ\u00f3 el martes luego de que el ahora ex Director de Deportes decidiera renunciar para dedicarse a la actividad privada.\u00a0 El Intendente Cecilio Salazar nombr\u00f3 nuevo Director de Deportes al profesor Mariano Arnal en lugar de Ramiro S\u00e1nchez Negrete quien present\u00f3 su renuncia en forma indeclinable hace unos d\u00edas.&nbsp;&nbsp; El ex funcionario [&hellip;]<\/p>\n","protected":false},"author":4,"featured_media":87442,"comment_status":"open","ping_status":"closed","sticky":false,"template":"","format":"standard","meta":{"om_disable_all_campaigns":false,"_jetpack_memberships_contains_paid_content":false,"footnotes":""},"categories":[50,101,2],"tags":[],"class_list":["post-87441","post","type-post","status-publish","format-standard","has-post-thumbnail","hentry","category-destacadas","category-interes-general-locales","category-locales"],"aioseo_notices":[],"gutentor_comment":0,"jetpack_featured_media_url":"https:\/\/eldiariodesanpedro.com.ar\/sitio\/wp-content\/uploads\/2021\/02\/146983288_1918294631642358_9189442969920738210_n.jpg","jetpack_shortlink":"https:\/\/wp.me\/p6RhLt-mKl","jetpack_sharing_enabled":true,"_links":{"self":[{"href":"https:\/\/eldiariodesanpedro.com.ar\/sitio\/wp-json\/wp\/v2\/posts\/87441","targetHints":{"allow":["GET"]}}],"collection":[{"href":"https:\/\/eldiariodesanpedro.com.ar\/sitio\/wp-json\/wp\/v2\/posts"}],"about":[{"href":"https:\/\/eldiariodesanpedro.com.ar\/sitio\/wp-json\/wp\/v2\/types\/post"}],"author":[{"embeddable":true,"href":"https:\/\/eldiariodesanpedro.com.ar\/sitio\/wp-json\/wp\/v2\/users\/4"}],"replies":[{"embeddable":true,"href":"https:\/\/eldiariodesanpedro.com.ar\/sitio\/wp-json\/wp\/v2\/comments?post=87441"}],"version-history":[{"count":1,"href":"https:\/\/eldiariodesanpedro.com.ar\/sitio\/wp-json\/wp\/v2\/posts\/87441\/revisions"}],"predecessor-version":[{"id":87443,"href":"https:\/\/eldiariodesanpedro.com.ar\/sitio\/wp-json\/wp\/v2\/posts\/87441\/revisions\/87443"}],"wp:featuredmedia":[{"embeddable":true,"href":"https:\/\/eldiariodesanpedro.com.ar\/sitio\/wp-json\/wp\/v2\/media\/87442"}],"wp:attachment":[{"href":"https:\/\/eldiariodesanpedro.com.ar\/sitio\/wp-json\/wp\/v2\/media?parent=87441"}],"wp:term":[{"taxonomy":"category","embeddable":true,"href":"https:\/\/eldiariodesanpedro.com.ar\/sitio\/wp-json\/wp\/v2\/categories?post=87441"},{"taxonomy":"post_tag","embeddable":true,"href":"https:\/\/eldiariodesanpedro.com.ar\/sitio\/wp-json\/wp\/v2\/tags?post=87441"}],"curies":[{"name":"wp","href":"https:\/\/api.w.org\/{rel}","templated":true}]}}