{"id":87438,"date":"2021-02-10T11:11:30","date_gmt":"2021-02-10T14:11:30","guid":{"rendered":"https:\/\/eldiariodesanpedro.com.ar\/sitio\/?p=87438"},"modified":"2021-02-10T11:11:35","modified_gmt":"2021-02-10T14:11:35","slug":"convocatoria-a-asamblea-general-ordinaria-del-centro-de-comercios-e-industria","status":"publish","type":"post","link":"https:\/\/eldiariodesanpedro.com.ar\/sitio\/convocatoria-a-asamblea-general-ordinaria-del-centro-de-comercios-e-industria\/","title":{"rendered":"Convocatoria a Asamblea General Ordinaria del Centro de Comercios e Industria"},"content":{"rendered":"<!-- VideographyWP Plugin Message: Automatic video embedding prevented by plugin options. -->\n\n<p>La <strong><em>COMISION DIRECTIVA<\/em><\/strong> del <strong><em>CENTRO de COMERCIO e INDUSTRIA de SAN PEDRO<\/em><\/strong>, convoca a sus asociados a la <strong><em>ASAMBLEA GENERAL ORDINARIA<\/em><\/strong> a realizarse el d\u00eda <strong>1\u00ba de Marzo de 2021<\/strong>, <strong>a las<\/strong> <strong>19,30 horas., en la Sede de la Instituci\u00f3n, Bartolom\u00e9 Mitre 650, a fin de considerar el siguiente:<\/strong><\/p>\n\n\n\n<p><strong>ORDEN DEL DIA<\/strong><\/p>\n\n\n\n<p><strong>1.-<\/strong> Elecci\u00f3n de dos (2) asociados para refrendar el acta, conjuntamente con el Sr. Presidente y el Sr. Secretario.<br><strong>2.-<\/strong> Informe del motivo de la realizaci\u00f3n de la Asamblea fuera de t\u00e9rmino.<br><strong>3.-<\/strong> Lectura y consideraci\u00f3n de la Memoria del Ejercicio.<br><strong>4.- <\/strong>Lectura y consideraci\u00f3n del Balance General, Cuadro de P\u00e9rdidas y Ganancias, Inventario General e Informe de la Comisi\u00f3n Revisora de Cuentas, correspondiente al <strong>Ejercicio Econ\u00f3mico nro. 86 comprendido entre los d\u00edas 01\/01\/2019 y 31\/12\/2019<\/strong>.<br><strong>5.-<\/strong> Consideraci\u00f3n de las cuotas sociales.<br><strong>6.-<\/strong> Autorizaci\u00f3n para designar como \u201cSocios Honorarios\u201d, a aquellos asociados que hayan cumplido 60 a\u00f1os ininterrumpidos de afiliaci\u00f3n a nuestra Entidad.<br><strong>7.- Elecci\u00f3n por dos (2) a\u00f1os<\/strong> de: <strong>VICEPRESIDENTE<\/strong>, en reemplazo del Sr. <em>RIGHETTI An\u00edbal Orlando<\/em>; de <strong>PROTESORERO<\/strong>, en reemplazo del Sr. <em>DOTTI Sandro Dar\u00edo; <\/em>de <strong>VOCAL TITULAR 2do.<\/strong>, en reemplazo del Sr. <em>BISCIA DANIEL ELIO,<\/em> todos ellos por finalizaci\u00f3n mandato; de <strong>PROSECRETARIO<\/strong>, en reemplazo del Sr. <em>CASAL N\u00e9stor Arturo y de <\/em><strong>VOCAL TITULAR 4to.<\/strong>, en reemplazo del Sr. <em>FULLANA<\/em> <em>Ra\u00fal Horacio, ambos por renuncia.<\/em><\/p>\n\n\n\n<p><strong>Elecci\u00f3n por un (1) a\u00f1o<\/strong> de <strong>SECRETARIO<\/strong>, en reemplazo del Sr. <em>CASAL N\u00e9stor Arturo<\/em>, por renuncia; <strong>VOCAL SUPLENTE 1ro.<\/strong>, en reemplazo del Sr. <em>POZZI Alejandro Daniel, por renuncia<\/em>; de <strong>VOCAL SUPLENTE 2do.<\/strong>, en reemplazo del Sr. <em>GOMILA Rafael Augusto<\/em>; de <strong>VOCAL SUPLENTE 3ro.<\/strong>, en reemplazo del Sr. <em>AVALOS Hugo Alejandro<\/em>; de <strong>VOCAL SUPLENTE 4to.<\/strong>, en reemplazo del Sr. <em>MOMO Marcelo Javier<\/em>, los tres \u00faltimos por finalizaci\u00f3n de mandato.<\/p>\n\n\n\n<p><strong>Elecci\u00f3n por un (1) a\u00f1o<\/strong> de tres (3) <strong>REVISORES DE CUENTAS TITULARES<\/strong> en reemplazo del Sr. <em>FERRARI Ricardo Andr\u00e9s, <\/em>de la Sra. <em>SPOSITO Silvia Lilian <\/em>y<em> <\/em>del Sr. <em>DIAZ Roque An\u00edbal<\/em>, todos ellos por finalizaci\u00f3n de mandato.ARTICULO 36\u00b0 DEL ESTATUTO: El qu\u00f3rum necesario para sesionar la Asamblea General Ordinaria en primera convocatoria, ser\u00e1 de la mitad m\u00e1s uno de los socios con derecho a voto. Si no se reuniera dicho n\u00famero a la hora indicada, se realizar\u00e1 una hora m\u00e1s tarde, en segunda convocatoria, con el n\u00famero de socios presentes, siempre que sea un n\u00famero igual o mayor al de los miembros titulares del Consejo Directivo.<\/p>\n\n\n\n<p>Ra\u00fal Emilio Cheyllada &#8211; <strong>Presidente<\/strong><br>N\u00e9stor Arturo Casal &#8211; <strong>Secretario<\/strong><\/p>\n","protected":false},"excerpt":{"rendered":"<p>La COMISION DIRECTIVA del CENTRO de COMERCIO e INDUSTRIA de SAN PEDRO, convoca a sus asociados a la ASAMBLEA GENERAL ORDINARIA a realizarse el d\u00eda 1\u00ba de Marzo de 2021, a las 19,30 horas., en la Sede de la Instituci\u00f3n, Bartolom\u00e9 Mitre 650, a fin de considerar el siguiente: ORDEN DEL DIA 1.- Elecci\u00f3n de [&hellip;]<\/p>\n","protected":false},"author":4,"featured_media":87439,"comment_status":"open","ping_status":"closed","sticky":false,"template":"","format":"standard","meta":{"om_disable_all_campaigns":false,"_jetpack_memberships_contains_paid_content":false,"footnotes":""},"categories":[678,676],"tags":[2121],"class_list":["post-87438","post","type-post","status-publish","format-standard","has-post-thumbnail","hentry","category-convocatorias","category-edictos","tag-convocatoria-a-asamblea-general-ordinaria-del-centro-de-comercios-e-industria"],"aioseo_notices":[],"gutentor_comment":0,"jetpack_featured_media_url":"https:\/\/eldiariodesanpedro.com.ar\/sitio\/wp-content\/uploads\/2021\/02\/Centro-de-Comercio-Convocatoria-febrero-2020.jpg","jetpack_shortlink":"https:\/\/wp.me\/p6RhLt-mKi","jetpack_sharing_enabled":true,"_links":{"self":[{"href":"https:\/\/eldiariodesanpedro.com.ar\/sitio\/wp-json\/wp\/v2\/posts\/87438","targetHints":{"allow":["GET"]}}],"collection":[{"href":"https:\/\/eldiariodesanpedro.com.ar\/sitio\/wp-json\/wp\/v2\/posts"}],"about":[{"href":"https:\/\/eldiariodesanpedro.com.ar\/sitio\/wp-json\/wp\/v2\/types\/post"}],"author":[{"embeddable":true,"href":"https:\/\/eldiariodesanpedro.com.ar\/sitio\/wp-json\/wp\/v2\/users\/4"}],"replies":[{"embeddable":true,"href":"https:\/\/eldiariodesanpedro.com.ar\/sitio\/wp-json\/wp\/v2\/comments?post=87438"}],"version-history":[{"count":1,"href":"https:\/\/eldiariodesanpedro.com.ar\/sitio\/wp-json\/wp\/v2\/posts\/87438\/revisions"}],"predecessor-version":[{"id":87440,"href":"https:\/\/eldiariodesanpedro.com.ar\/sitio\/wp-json\/wp\/v2\/posts\/87438\/revisions\/87440"}],"wp:featuredmedia":[{"embeddable":true,"href":"https:\/\/eldiariodesanpedro.com.ar\/sitio\/wp-json\/wp\/v2\/media\/87439"}],"wp:attachment":[{"href":"https:\/\/eldiariodesanpedro.com.ar\/sitio\/wp-json\/wp\/v2\/media?parent=87438"}],"wp:term":[{"taxonomy":"category","embeddable":true,"href":"https:\/\/eldiariodesanpedro.com.ar\/sitio\/wp-json\/wp\/v2\/categories?post=87438"},{"taxonomy":"post_tag","embeddable":true,"href":"https:\/\/eldiariodesanpedro.com.ar\/sitio\/wp-json\/wp\/v2\/tags?post=87438"}],"curies":[{"name":"wp","href":"https:\/\/api.w.org\/{rel}","templated":true}]}}