{"id":87436,"date":"2021-02-10T10:38:24","date_gmt":"2021-02-10T13:38:24","guid":{"rendered":"https:\/\/eldiariodesanpedro.com.ar\/sitio\/?p=87436"},"modified":"2021-02-10T10:38:25","modified_gmt":"2021-02-10T13:38:25","slug":"dos-aprehendidos-uno-por-tenencia-de-estupefacientes-y-el-otro-por-disturbios","status":"publish","type":"post","link":"https:\/\/eldiariodesanpedro.com.ar\/sitio\/dos-aprehendidos-uno-por-tenencia-de-estupefacientes-y-el-otro-por-disturbios\/","title":{"rendered":"Dos aprehendidos, uno por tenencia de estupefacientes y el otro por disturbios"},"content":{"rendered":"<!-- VideographyWP Plugin Message: Automatic video embedding prevented by plugin options. -->\n\n<p>En la jornada de ayer la polic\u00eda de nuestra ciudad realiz\u00f3 dos aprehensiones por diferentes motivos.<\/p>\n\n\n\n<p>El primero de ellos ocurri\u00f3 en las calles Cucit&nbsp; y Sargento Selada, donde se aprehende un joven de 21 a\u00f1os, quien llevaba en su poder bagullo de marihuana.<\/p>\n\n\n\n<p>En la localidad de Santa Luc\u00eda el personal del destacamento alertado por vecinos acude a calle Ayacucho S\/N, donde procede aprehensi\u00f3n masculino 38 a\u00f1os, quien se encontraba en la v\u00eda p\u00fablica ocasionando disturbios en estado de ebriedad.<\/p>\n","protected":false},"excerpt":{"rendered":"<p>En la jornada de ayer la polic\u00eda de nuestra ciudad realiz\u00f3 dos aprehensiones por diferentes motivos. El primero de ellos ocurri\u00f3 en las calles Cucit&nbsp; y Sargento Selada, donde se aprehende un joven de 21 a\u00f1os, quien llevaba en su poder bagullo de marihuana. En la localidad de Santa Luc\u00eda el personal del destacamento alertado [&hellip;]<\/p>\n","protected":false},"author":4,"featured_media":68206,"comment_status":"open","ping_status":"closed","sticky":false,"template":"","format":"standard","meta":{"om_disable_all_campaigns":false,"_jetpack_memberships_contains_paid_content":false,"footnotes":""},"categories":[2,103],"tags":[],"class_list":["post-87436","post","type-post","status-publish","format-standard","has-post-thumbnail","hentry","category-locales","category-policiales-locales"],"aioseo_notices":[],"gutentor_comment":0,"jetpack_featured_media_url":"https:\/\/eldiariodesanpedro.com.ar\/sitio\/wp-content\/uploads\/2020\/02\/SUJETOS-DETENIDOS.jpg","jetpack_shortlink":"https:\/\/wp.me\/p6RhLt-mKg","jetpack_sharing_enabled":true,"_links":{"self":[{"href":"https:\/\/eldiariodesanpedro.com.ar\/sitio\/wp-json\/wp\/v2\/posts\/87436","targetHints":{"allow":["GET"]}}],"collection":[{"href":"https:\/\/eldiariodesanpedro.com.ar\/sitio\/wp-json\/wp\/v2\/posts"}],"about":[{"href":"https:\/\/eldiariodesanpedro.com.ar\/sitio\/wp-json\/wp\/v2\/types\/post"}],"author":[{"embeddable":true,"href":"https:\/\/eldiariodesanpedro.com.ar\/sitio\/wp-json\/wp\/v2\/users\/4"}],"replies":[{"embeddable":true,"href":"https:\/\/eldiariodesanpedro.com.ar\/sitio\/wp-json\/wp\/v2\/comments?post=87436"}],"version-history":[{"count":1,"href":"https:\/\/eldiariodesanpedro.com.ar\/sitio\/wp-json\/wp\/v2\/posts\/87436\/revisions"}],"predecessor-version":[{"id":87437,"href":"https:\/\/eldiariodesanpedro.com.ar\/sitio\/wp-json\/wp\/v2\/posts\/87436\/revisions\/87437"}],"wp:featuredmedia":[{"embeddable":true,"href":"https:\/\/eldiariodesanpedro.com.ar\/sitio\/wp-json\/wp\/v2\/media\/68206"}],"wp:attachment":[{"href":"https:\/\/eldiariodesanpedro.com.ar\/sitio\/wp-json\/wp\/v2\/media?parent=87436"}],"wp:term":[{"taxonomy":"category","embeddable":true,"href":"https:\/\/eldiariodesanpedro.com.ar\/sitio\/wp-json\/wp\/v2\/categories?post=87436"},{"taxonomy":"post_tag","embeddable":true,"href":"https:\/\/eldiariodesanpedro.com.ar\/sitio\/wp-json\/wp\/v2\/tags?post=87436"}],"curies":[{"name":"wp","href":"https:\/\/api.w.org\/{rel}","templated":true}]}}