{"id":87432,"date":"2021-02-10T10:30:24","date_gmt":"2021-02-10T13:30:24","guid":{"rendered":"https:\/\/eldiariodesanpedro.com.ar\/sitio\/?p=87432"},"modified":"2021-02-10T10:30:26","modified_gmt":"2021-02-10T13:30:26","slug":"realizaron-allanamiento-para-recuperar-una-chancha-robada","status":"publish","type":"post","link":"https:\/\/eldiariodesanpedro.com.ar\/sitio\/realizaron-allanamiento-para-recuperar-una-chancha-robada\/","title":{"rendered":"Realizaron allanamiento para recuperar una chancha robada"},"content":{"rendered":"<!-- VideographyWP Plugin Message: Automatic video embedding prevented by plugin options. -->\n\n<p>Este martes se realiz\u00f3 un allanamiento en la zona del barrio La Tosquera donde se secuestr\u00f3 una chancha y un arma de fuego.<\/p>\n\n\n\n<p>El hecho se desarroll\u00f3 en la tarde de ayer en la vecina localidad cumpliendo \u00f3rdenes por parte del Juzgado de Garant\u00edas N\u00ba 3 de San Nicol\u00e1s para tres domicilios. En uno de ellos se procede al secuestro de una chancha blanca (sustra\u00edda y reconocida por la denunciante) y una escopeta, como as\u00ed tambi\u00e9n a la aprehensi\u00f3n de tres sujetos, moradores de los lugares allanados.<\/p>\n\n\n\n<figure class=\"wp-block-image size-large\"><img decoding=\"async\" width=\"1024\" height=\"768\" data-attachment-id=\"87434\" data-permalink=\"https:\/\/eldiariodesanpedro.com.ar\/sitio\/realizaron-allanamiento-para-recuperar-una-chancha-robada\/allana-tosquera\/\" data-orig-file=\"https:\/\/eldiariodesanpedro.com.ar\/sitio\/wp-content\/uploads\/2021\/02\/allana-tosquera.jpeg\" data-orig-size=\"1032,774\" data-comments-opened=\"1\" data-image-meta=\"{&quot;aperture&quot;:&quot;0&quot;,&quot;credit&quot;:&quot;&quot;,&quot;camera&quot;:&quot;&quot;,&quot;caption&quot;:&quot;&quot;,&quot;created_timestamp&quot;:&quot;0&quot;,&quot;copyright&quot;:&quot;&quot;,&quot;focal_length&quot;:&quot;0&quot;,&quot;iso&quot;:&quot;0&quot;,&quot;shutter_speed&quot;:&quot;0&quot;,&quot;title&quot;:&quot;&quot;,&quot;orientation&quot;:&quot;0&quot;}\" data-image-title=\"allana tosquera\" data-image-description=\"\" data-image-caption=\"\" data-large-file=\"https:\/\/eldiariodesanpedro.com.ar\/sitio\/wp-content\/uploads\/2021\/02\/allana-tosquera-1024x768.jpeg\" data-src=\"https:\/\/eldiariodesanpedro.com.ar\/sitio\/wp-content\/uploads\/2021\/02\/allana-tosquera-1024x768.jpeg\" alt=\"\" class=\"wp-image-87434 lazyload\" data-srcset=\"https:\/\/eldiariodesanpedro.com.ar\/sitio\/wp-content\/uploads\/2021\/02\/allana-tosquera-1024x768.jpeg 1024w, https:\/\/eldiariodesanpedro.com.ar\/sitio\/wp-content\/uploads\/2021\/02\/allana-tosquera-300x225.jpeg 300w, https:\/\/eldiariodesanpedro.com.ar\/sitio\/wp-content\/uploads\/2021\/02\/allana-tosquera-768x576.jpeg 768w, https:\/\/eldiariodesanpedro.com.ar\/sitio\/wp-content\/uploads\/2021\/02\/allana-tosquera-500x375.jpeg 500w, https:\/\/eldiariodesanpedro.com.ar\/sitio\/wp-content\/uploads\/2021\/02\/allana-tosquera.jpeg 1032w\" data-sizes=\"(max-width: 1024px) 100vw, 1024px\" src=\"data:image\/svg+xml;base64,PHN2ZyB3aWR0aD0iMSIgaGVpZ2h0PSIxIiB4bWxucz0iaHR0cDovL3d3dy53My5vcmcvMjAwMC9zdmciPjwvc3ZnPg==\" style=\"--smush-placeholder-width: 1024px; --smush-placeholder-aspect-ratio: 1024\/768;\" \/><\/figure>\n","protected":false},"excerpt":{"rendered":"<p>Este martes se realiz\u00f3 un allanamiento en la zona del barrio La Tosquera donde se secuestr\u00f3 una chancha y un arma de fuego. El hecho se desarroll\u00f3 en la tarde de ayer en la vecina localidad cumpliendo \u00f3rdenes por parte del Juzgado de Garant\u00edas N\u00ba 3 de San Nicol\u00e1s para tres domicilios. En uno de [&hellip;]<\/p>\n","protected":false},"author":4,"featured_media":87433,"comment_status":"open","ping_status":"closed","sticky":false,"template":"","format":"standard","meta":{"om_disable_all_campaigns":false,"_jetpack_memberships_contains_paid_content":false,"footnotes":""},"categories":[50,2,103],"tags":[],"class_list":["post-87432","post","type-post","status-publish","format-standard","has-post-thumbnail","hentry","category-destacadas","category-locales","category-policiales-locales"],"aioseo_notices":[],"gutentor_comment":0,"jetpack_featured_media_url":"https:\/\/eldiariodesanpedro.com.ar\/sitio\/wp-content\/uploads\/2021\/02\/allana.jpeg","jetpack_shortlink":"https:\/\/wp.me\/p6RhLt-mKc","jetpack_sharing_enabled":true,"_links":{"self":[{"href":"https:\/\/eldiariodesanpedro.com.ar\/sitio\/wp-json\/wp\/v2\/posts\/87432","targetHints":{"allow":["GET"]}}],"collection":[{"href":"https:\/\/eldiariodesanpedro.com.ar\/sitio\/wp-json\/wp\/v2\/posts"}],"about":[{"href":"https:\/\/eldiariodesanpedro.com.ar\/sitio\/wp-json\/wp\/v2\/types\/post"}],"author":[{"embeddable":true,"href":"https:\/\/eldiariodesanpedro.com.ar\/sitio\/wp-json\/wp\/v2\/users\/4"}],"replies":[{"embeddable":true,"href":"https:\/\/eldiariodesanpedro.com.ar\/sitio\/wp-json\/wp\/v2\/comments?post=87432"}],"version-history":[{"count":1,"href":"https:\/\/eldiariodesanpedro.com.ar\/sitio\/wp-json\/wp\/v2\/posts\/87432\/revisions"}],"predecessor-version":[{"id":87435,"href":"https:\/\/eldiariodesanpedro.com.ar\/sitio\/wp-json\/wp\/v2\/posts\/87432\/revisions\/87435"}],"wp:featuredmedia":[{"embeddable":true,"href":"https:\/\/eldiariodesanpedro.com.ar\/sitio\/wp-json\/wp\/v2\/media\/87433"}],"wp:attachment":[{"href":"https:\/\/eldiariodesanpedro.com.ar\/sitio\/wp-json\/wp\/v2\/media?parent=87432"}],"wp:term":[{"taxonomy":"category","embeddable":true,"href":"https:\/\/eldiariodesanpedro.com.ar\/sitio\/wp-json\/wp\/v2\/categories?post=87432"},{"taxonomy":"post_tag","embeddable":true,"href":"https:\/\/eldiariodesanpedro.com.ar\/sitio\/wp-json\/wp\/v2\/tags?post=87432"}],"curies":[{"name":"wp","href":"https:\/\/api.w.org\/{rel}","templated":true}]}}