{"id":87427,"date":"2021-02-10T10:18:23","date_gmt":"2021-02-10T13:18:23","guid":{"rendered":"https:\/\/eldiariodesanpedro.com.ar\/sitio\/?p=87427"},"modified":"2021-02-10T10:18:28","modified_gmt":"2021-02-10T13:18:28","slug":"la-secretaria-de-salud-analiza-una-experiencia-de-seguimiento-covid-con-la-unsada","status":"publish","type":"post","link":"https:\/\/eldiariodesanpedro.com.ar\/sitio\/la-secretaria-de-salud-analiza-una-experiencia-de-seguimiento-covid-con-la-unsada\/","title":{"rendered":"La Secretar\u00eda de Salud analiza una experiencia de seguimiento Covid con la UNSADA"},"content":{"rendered":"<!-- VideographyWP Plugin Message: Automatic video embedding prevented by plugin options. -->\n\n<p>El Secretario de Salud de la Municipalidad de San Pedro Daniel Creus ha mantenido contacto con representantes de la UNSAdA, (Universidad Nacional de San Antonio de Areco) para analizar la incorporaci\u00f3n, como experiencia piloto, del \u201cCeTeC 19\u201d, Centro de Telemedicina para seguimiento de casos COVID 19, que se viene llevando adelante en esa localidad, desde hace algunos meses, dentro de un programa que funciona en diferentes regiones de la Provincia de Buenos Aires.<\/p>\n\n\n\n<p>En San Antonio de Areco, este centro est\u00e1 a cargo de estudiantes voluntarios\/as de la Universidad que realizan las llamadas de prevenci\u00f3n y el seguimiento de personas que hayan tenido contacto estrecho con pacientes COVID 19.<\/p>\n\n\n\n<p>En San Pedro se incorporar\u00edan para efectuar el seguimiento de los casos confirmados que no implican control m\u00e9dico, para verificar su estado de salud, el cumplimiento de las medidas de aislamiento y las acciones preventivas con sus grupos de contacto.<\/p>\n\n\n\n<p>Esta transferencia permitir\u00eda descomprimir parte de las acciones que se cumplen localmente para generar un mayor y mejor control de una de las ramificaciones del virus que se pretende controlar ante el posible crecimiento de casos.<\/p>\n\n\n\n<p>La informaci\u00f3n reportada por los agentes de la Universidad ofrecer\u00e1 reportes diarios y ante la detecci\u00f3n de alguna situaci\u00f3n que requiera intervenci\u00f3n desde la Secretar\u00eda de Salud lo informar\u00e1 de inmediato.<\/p>\n\n\n\n<p>Cabe destacar que los casos cuyo seguimiento sea monitoreada por el Centro de Telemedicina referir\u00e1n su atenci\u00f3n al Hospital de San Pedro a los efectos de recibir el aporte del Plan SUMAR que destina fondos proporcionales por la atenci\u00f3n ofrecida en la salud p\u00fablica.<\/p>\n\n\n\n<p>En los pr\u00f3ximos d\u00edas se concretar\u00e1 una reuni\u00f3n de trabajo para avanzar la posibilidad de una prueba piloto, sin costo para la Municipalidad de San Pedro y enmarcada en las acciones de cooperaci\u00f3n que esta Universidad tiene con el gobierno provincial.<\/p>\n\n\n\n<p><\/p>\n","protected":false},"excerpt":{"rendered":"<p>El Secretario de Salud de la Municipalidad de San Pedro Daniel Creus ha mantenido contacto con representantes de la UNSAdA, (Universidad Nacional de San Antonio de Areco) para analizar la incorporaci\u00f3n, como experiencia piloto, del \u201cCeTeC 19\u201d, Centro de Telemedicina para seguimiento de casos COVID 19, que se viene llevando adelante en esa localidad, desde [&hellip;]<\/p>\n","protected":false},"author":4,"featured_media":87428,"comment_status":"open","ping_status":"closed","sticky":false,"template":"","format":"standard","meta":{"om_disable_all_campaigns":false,"_jetpack_memberships_contains_paid_content":false,"footnotes":""},"categories":[101,2],"tags":[],"class_list":["post-87427","post","type-post","status-publish","format-standard","has-post-thumbnail","hentry","category-interes-general-locales","category-locales"],"aioseo_notices":[],"gutentor_comment":0,"jetpack_featured_media_url":"https:\/\/eldiariodesanpedro.com.ar\/sitio\/wp-content\/uploads\/2021\/02\/WhatsApp-Image-2021-02-10-at-10.04.08.jpeg","jetpack_shortlink":"https:\/\/wp.me\/p6RhLt-mK7","jetpack_sharing_enabled":true,"_links":{"self":[{"href":"https:\/\/eldiariodesanpedro.com.ar\/sitio\/wp-json\/wp\/v2\/posts\/87427","targetHints":{"allow":["GET"]}}],"collection":[{"href":"https:\/\/eldiariodesanpedro.com.ar\/sitio\/wp-json\/wp\/v2\/posts"}],"about":[{"href":"https:\/\/eldiariodesanpedro.com.ar\/sitio\/wp-json\/wp\/v2\/types\/post"}],"author":[{"embeddable":true,"href":"https:\/\/eldiariodesanpedro.com.ar\/sitio\/wp-json\/wp\/v2\/users\/4"}],"replies":[{"embeddable":true,"href":"https:\/\/eldiariodesanpedro.com.ar\/sitio\/wp-json\/wp\/v2\/comments?post=87427"}],"version-history":[{"count":1,"href":"https:\/\/eldiariodesanpedro.com.ar\/sitio\/wp-json\/wp\/v2\/posts\/87427\/revisions"}],"predecessor-version":[{"id":87429,"href":"https:\/\/eldiariodesanpedro.com.ar\/sitio\/wp-json\/wp\/v2\/posts\/87427\/revisions\/87429"}],"wp:featuredmedia":[{"embeddable":true,"href":"https:\/\/eldiariodesanpedro.com.ar\/sitio\/wp-json\/wp\/v2\/media\/87428"}],"wp:attachment":[{"href":"https:\/\/eldiariodesanpedro.com.ar\/sitio\/wp-json\/wp\/v2\/media?parent=87427"}],"wp:term":[{"taxonomy":"category","embeddable":true,"href":"https:\/\/eldiariodesanpedro.com.ar\/sitio\/wp-json\/wp\/v2\/categories?post=87427"},{"taxonomy":"post_tag","embeddable":true,"href":"https:\/\/eldiariodesanpedro.com.ar\/sitio\/wp-json\/wp\/v2\/tags?post=87427"}],"curies":[{"name":"wp","href":"https:\/\/api.w.org\/{rel}","templated":true}]}}