{"id":87424,"date":"2021-02-10T10:15:56","date_gmt":"2021-02-10T13:15:56","guid":{"rendered":"https:\/\/eldiariodesanpedro.com.ar\/sitio\/?p=87424"},"modified":"2021-02-10T10:15:57","modified_gmt":"2021-02-10T13:15:57","slug":"fabian-gianola-y-claribel-medina-estaran-en-una-obra-teatral-este-domingo","status":"publish","type":"post","link":"https:\/\/eldiariodesanpedro.com.ar\/sitio\/fabian-gianola-y-claribel-medina-estaran-en-una-obra-teatral-este-domingo\/","title":{"rendered":"Fabian Gianola y Claribel Medina estar\u00e1n en una obra teatral este domingo"},"content":{"rendered":"<!-- VideographyWP Plugin Message: Automatic video embedding prevented by plugin options. -->\n\n<p>Este jueves la Municipalidad de San Pedro presentara en una conferencia de prensa a la obra teatral comedia denominada Relaciones Peligrosas que llegar\u00e1 el pr\u00f3ximo domingo a las funciones de teatro al aire libre en el Club de Pescadores.<\/p>\n\n\n\n<p>Estar\u00e1 presente el actor Fabi\u00e1n Gianola que comparte con Claribel Medina esta obra que los sampedrinos y turistas podr\u00e1n ver el pr\u00f3ximo domingo 14 de febrero.<\/p>\n","protected":false},"excerpt":{"rendered":"<p>Este jueves la Municipalidad de San Pedro presentara en una conferencia de prensa a la obra teatral comedia denominada Relaciones Peligrosas que llegar\u00e1 el pr\u00f3ximo domingo a las funciones de teatro al aire libre en el Club de Pescadores. Estar\u00e1 presente el actor Fabi\u00e1n Gianola que comparte con Claribel Medina esta obra que los sampedrinos [&hellip;]<\/p>\n","protected":false},"author":4,"featured_media":87425,"comment_status":"open","ping_status":"closed","sticky":false,"template":"","format":"standard","meta":{"om_disable_all_campaigns":false,"_jetpack_memberships_contains_paid_content":false,"footnotes":""},"categories":[101,2],"tags":[],"class_list":["post-87424","post","type-post","status-publish","format-standard","has-post-thumbnail","hentry","category-interes-general-locales","category-locales"],"aioseo_notices":[],"gutentor_comment":0,"jetpack_featured_media_url":"https:\/\/eldiariodesanpedro.com.ar\/sitio\/wp-content\/uploads\/2021\/02\/WhatsApp-Image-2021-02-10-at-09.34.39.jpeg","jetpack_shortlink":"https:\/\/wp.me\/p6RhLt-mK4","jetpack_sharing_enabled":true,"_links":{"self":[{"href":"https:\/\/eldiariodesanpedro.com.ar\/sitio\/wp-json\/wp\/v2\/posts\/87424","targetHints":{"allow":["GET"]}}],"collection":[{"href":"https:\/\/eldiariodesanpedro.com.ar\/sitio\/wp-json\/wp\/v2\/posts"}],"about":[{"href":"https:\/\/eldiariodesanpedro.com.ar\/sitio\/wp-json\/wp\/v2\/types\/post"}],"author":[{"embeddable":true,"href":"https:\/\/eldiariodesanpedro.com.ar\/sitio\/wp-json\/wp\/v2\/users\/4"}],"replies":[{"embeddable":true,"href":"https:\/\/eldiariodesanpedro.com.ar\/sitio\/wp-json\/wp\/v2\/comments?post=87424"}],"version-history":[{"count":1,"href":"https:\/\/eldiariodesanpedro.com.ar\/sitio\/wp-json\/wp\/v2\/posts\/87424\/revisions"}],"predecessor-version":[{"id":87426,"href":"https:\/\/eldiariodesanpedro.com.ar\/sitio\/wp-json\/wp\/v2\/posts\/87424\/revisions\/87426"}],"wp:featuredmedia":[{"embeddable":true,"href":"https:\/\/eldiariodesanpedro.com.ar\/sitio\/wp-json\/wp\/v2\/media\/87425"}],"wp:attachment":[{"href":"https:\/\/eldiariodesanpedro.com.ar\/sitio\/wp-json\/wp\/v2\/media?parent=87424"}],"wp:term":[{"taxonomy":"category","embeddable":true,"href":"https:\/\/eldiariodesanpedro.com.ar\/sitio\/wp-json\/wp\/v2\/categories?post=87424"},{"taxonomy":"post_tag","embeddable":true,"href":"https:\/\/eldiariodesanpedro.com.ar\/sitio\/wp-json\/wp\/v2\/tags?post=87424"}],"curies":[{"name":"wp","href":"https:\/\/api.w.org\/{rel}","templated":true}]}}