{"id":8742,"date":"2016-10-12T20:55:37","date_gmt":"2016-10-12T23:55:37","guid":{"rendered":"https:\/\/eldiariodesanpedro.com.ar\/sitio\/?p=8742"},"modified":"2016-10-12T20:55:37","modified_gmt":"2016-10-12T23:55:37","slug":"un-auto-despisto-en-el-km-148-de-la-ruta-9","status":"publish","type":"post","link":"https:\/\/eldiariodesanpedro.com.ar\/sitio\/un-auto-despisto-en-el-km-148-de-la-ruta-9\/","title":{"rendered":"Un auto despist\u00f3 en el km 148 de la ruta 9"},"content":{"rendered":"<p><!-- VideographyWP Plugin Message: Automatic video embedding prevented by plugin options. --><br \/>\nEl siniestro tuvo lugar cerca de las 15.00, en el carril Rosario-Buenos Aires de la autopista nacional. Seg\u00fan se pudo establecer, el conductor de un veh\u00edculo, un Fiat Palio Weekend, perdi\u00f3 el control del rodado y, tras sobrepasar el guardrail, termin\u00f3 fuera de la calzada.<br \/>\nEn el auto se dirig\u00eda una pareja y sus dos hijos de 7 y 12 a\u00f1os, los cuales fueron trasladados al Hospital con politraumatismos y dolores lumbares.<br \/>\nLa familia es oriunda de Capital Federal y se dirig\u00edan hacia C\u00f3rdoba.<\/p>\n","protected":false},"excerpt":{"rendered":"<p>El siniestro tuvo lugar cerca de las 15.00, en el carril Rosario-Buenos Aires de la autopista nacional. Seg\u00fan se pudo establecer, el conductor de un veh\u00edculo, un Fiat Palio Weekend, perdi\u00f3 el control del rodado y, tras sobrepasar el guardrail, termin\u00f3 fuera de la calzada. En el auto se dirig\u00eda una pareja y sus dos [&hellip;]<\/p>\n","protected":false},"author":4,"featured_media":8743,"comment_status":"open","ping_status":"closed","sticky":false,"template":"","format":"standard","meta":{"om_disable_all_campaigns":false,"_jetpack_memberships_contains_paid_content":false,"footnotes":""},"categories":[50,2,103],"tags":[],"class_list":["post-8742","post","type-post","status-publish","format-standard","has-post-thumbnail","hentry","category-destacadas","category-locales","category-policiales-locales"],"aioseo_notices":[],"gutentor_comment":0,"jetpack_featured_media_url":"https:\/\/eldiariodesanpedro.com.ar\/sitio\/wp-content\/uploads\/2016\/10\/PAGINA-6-5.jpg","jetpack_shortlink":"https:\/\/wp.me\/p6RhLt-2h0","jetpack_sharing_enabled":true,"_links":{"self":[{"href":"https:\/\/eldiariodesanpedro.com.ar\/sitio\/wp-json\/wp\/v2\/posts\/8742","targetHints":{"allow":["GET"]}}],"collection":[{"href":"https:\/\/eldiariodesanpedro.com.ar\/sitio\/wp-json\/wp\/v2\/posts"}],"about":[{"href":"https:\/\/eldiariodesanpedro.com.ar\/sitio\/wp-json\/wp\/v2\/types\/post"}],"author":[{"embeddable":true,"href":"https:\/\/eldiariodesanpedro.com.ar\/sitio\/wp-json\/wp\/v2\/users\/4"}],"replies":[{"embeddable":true,"href":"https:\/\/eldiariodesanpedro.com.ar\/sitio\/wp-json\/wp\/v2\/comments?post=8742"}],"version-history":[{"count":1,"href":"https:\/\/eldiariodesanpedro.com.ar\/sitio\/wp-json\/wp\/v2\/posts\/8742\/revisions"}],"predecessor-version":[{"id":8744,"href":"https:\/\/eldiariodesanpedro.com.ar\/sitio\/wp-json\/wp\/v2\/posts\/8742\/revisions\/8744"}],"wp:featuredmedia":[{"embeddable":true,"href":"https:\/\/eldiariodesanpedro.com.ar\/sitio\/wp-json\/wp\/v2\/media\/8743"}],"wp:attachment":[{"href":"https:\/\/eldiariodesanpedro.com.ar\/sitio\/wp-json\/wp\/v2\/media?parent=8742"}],"wp:term":[{"taxonomy":"category","embeddable":true,"href":"https:\/\/eldiariodesanpedro.com.ar\/sitio\/wp-json\/wp\/v2\/categories?post=8742"},{"taxonomy":"post_tag","embeddable":true,"href":"https:\/\/eldiariodesanpedro.com.ar\/sitio\/wp-json\/wp\/v2\/tags?post=8742"}],"curies":[{"name":"wp","href":"https:\/\/api.w.org\/{rel}","templated":true}]}}