{"id":87419,"date":"2021-02-09T19:57:58","date_gmt":"2021-02-09T22:57:58","guid":{"rendered":"https:\/\/eldiariodesanpedro.com.ar\/sitio\/?p=87419"},"modified":"2021-02-09T19:58:02","modified_gmt":"2021-02-09T22:58:02","slug":"lalo-mir-en-radio-nacional-la-diferencia-es-la-de-poder-llegar-a-todos-lados","status":"publish","type":"post","link":"https:\/\/eldiariodesanpedro.com.ar\/sitio\/lalo-mir-en-radio-nacional-la-diferencia-es-la-de-poder-llegar-a-todos-lados\/","title":{"rendered":"Lalo Mir: \u201cEn radio Nacional, la diferencia es la de poder llegar a todos lados\u201d"},"content":{"rendered":"<!-- VideographyWP Plugin Message: Automatic video embedding prevented by plugin options. -->\n\n<p>El locutor y conductor sampedrino, junto a Elizabeth Vernaci, son las nuevas voces institucionales de la radio p\u00fablica reemplazando al hist\u00f3rico H\u00e9ctor Larrea.<\/p>\n\n\n\n<p>Desde esta semana Radio Nacional AM 870 pone al aire la programaci\u00f3n correspondiente a la temporada 2021. A la misma se suman Elizabeth Vernaci y Lalo Mir, quienes ser\u00e1n las nuevas voces institucionales de la radio p\u00fablica. Tras el retiro el \u00faltimo 30 de diciembre de qui\u00e9n ocupara ese puesto por d\u00e9cadas, el entra\u00f1able H\u00e9ctor Larrea, esta dupla viene a reemplazarlo.<\/p>\n\n\n\n<p>Lalo Mir habl\u00f3 en el aire de FM G\u00e9nesis y cont\u00f3 c\u00f3mo se gest\u00f3 el proyecto y que significa a esta altura de su extraordinaria carrera en los medios de comunicaci\u00f3n. \u00a0<\/p>\n\n\n\n<p>\u201cNo fue una sorpresa porque es algo que venimos manejando dese hace un tiempo, pero cuando recibimos la invitaci\u00f3n fue muy lindo\u201d, se\u00f1al\u00f3 Lalo Mir durante la entrevista.<\/p>\n\n\n\n<p>\u201cComo hace tantos a\u00f1os que estoy en el mudo de la radio, siempre estoy en contacto, me los cruzo a todos, me entero de todo, soy como la oreja del pasillo. Pero en el momento de recibir la invitaci\u00f3n fue \u00fanico\u201d.<\/p>\n\n\n\n<p>\u201cEn radio Nacional, la diferencia es la de poder llegar a todos lados, m\u00e1s que nada en la cordillera, en el norte, noroeste, es el \u00fanico medio posible, es el \u00fanico medio de comunicaci\u00f3n del habitante de esos parajes, de esos lugares tan lejanos, y eso lo hace muy interesante y esa es la gran diferencia\u201d, remarc\u00f3 el conductor.<\/p>\n\n\n\n<p>\u201cEs como estar en los lugares que quer\u00e9s y conoc\u00e9s, nosotros le estamos sumando valor agregado porque van a aparecer art\u00edsticas, separadores, micros con contenidos que son dise\u00f1ados a prop\u00f3sito de esta nueva temporada y esta nueva incursi\u00f3n m\u00eda adentro del staff de la radio\u201d, valoriz\u00f3 en cuanto al nuevo proyecto.<\/p>\n\n\n\n<p>Sobre la incorporaci\u00f3n de otra figura que lo acompa\u00f1e e esta nueva experiencia, Lalo Mir cont\u00f3: \u201cA Elizabeth (Vernaci) la propuse yo, me preguntaron y les dije que ten\u00eda que ser ella, le preguntaron a ella y les dijo que s\u00ed\u201d, afirm\u00f3.<\/p>\n\n\n\n<p>\u201cLa otra condici\u00f3n era que no sea neutra la participaci\u00f3n, que no solo sea la marca, sino que se le pueda sumar un contenido, que tiene que ver con la rama de la comunicaci\u00f3n, con el federalismo\u201d.<\/p>\n\n\n\n<p>\u201cSobre sus apariciones en el aire de FM G\u00e9nesis, Lalo Mir destac\u00f3: \u201cG\u00e9nesis es el nacimiento, el comienzo de las cosas, eso en la palabra, en radio es el lugar adonde voy a molestar a la tarde cuando est\u00e1n el \u201cNegro\u201d (Villarruel) y Eduardo (Dlapa), y les digo, de qu\u00e9 est\u00e1n hablando y yo les cambio de tema\u201d, se\u00f1al\u00f3 entre risas.<\/p>\n\n\n\n<p>Fuente: <a href=\"https:\/\/www.sanpedroinforma.com.ar\/nota\/124003\/interes-general\/lalo-mir-en-radio-nacional-la-diferencia-es-la-de-poder-llegar-a-todos-lados.html\">San Pedro Informa<\/a><\/p>\n","protected":false},"excerpt":{"rendered":"<p>El locutor y conductor sampedrino, junto a Elizabeth Vernaci, son las nuevas voces institucionales de la radio p\u00fablica reemplazando al hist\u00f3rico H\u00e9ctor Larrea. Desde esta semana Radio Nacional AM 870 pone al aire la programaci\u00f3n correspondiente a la temporada 2021. A la misma se suman Elizabeth Vernaci y Lalo Mir, quienes ser\u00e1n las nuevas voces [&hellip;]<\/p>\n","protected":false},"author":4,"featured_media":87420,"comment_status":"open","ping_status":"closed","sticky":false,"template":"","format":"standard","meta":{"om_disable_all_campaigns":false,"_jetpack_memberships_contains_paid_content":false,"footnotes":""},"categories":[101,2],"tags":[],"class_list":["post-87419","post","type-post","status-publish","format-standard","has-post-thumbnail","hentry","category-interes-general-locales","category-locales"],"aioseo_notices":[],"gutentor_comment":0,"jetpack_featured_media_url":"https:\/\/eldiariodesanpedro.com.ar\/sitio\/wp-content\/uploads\/2021\/02\/000089943.jpg","jetpack_shortlink":"https:\/\/wp.me\/p6RhLt-mJZ","jetpack_sharing_enabled":true,"_links":{"self":[{"href":"https:\/\/eldiariodesanpedro.com.ar\/sitio\/wp-json\/wp\/v2\/posts\/87419","targetHints":{"allow":["GET"]}}],"collection":[{"href":"https:\/\/eldiariodesanpedro.com.ar\/sitio\/wp-json\/wp\/v2\/posts"}],"about":[{"href":"https:\/\/eldiariodesanpedro.com.ar\/sitio\/wp-json\/wp\/v2\/types\/post"}],"author":[{"embeddable":true,"href":"https:\/\/eldiariodesanpedro.com.ar\/sitio\/wp-json\/wp\/v2\/users\/4"}],"replies":[{"embeddable":true,"href":"https:\/\/eldiariodesanpedro.com.ar\/sitio\/wp-json\/wp\/v2\/comments?post=87419"}],"version-history":[{"count":1,"href":"https:\/\/eldiariodesanpedro.com.ar\/sitio\/wp-json\/wp\/v2\/posts\/87419\/revisions"}],"predecessor-version":[{"id":87421,"href":"https:\/\/eldiariodesanpedro.com.ar\/sitio\/wp-json\/wp\/v2\/posts\/87419\/revisions\/87421"}],"wp:featuredmedia":[{"embeddable":true,"href":"https:\/\/eldiariodesanpedro.com.ar\/sitio\/wp-json\/wp\/v2\/media\/87420"}],"wp:attachment":[{"href":"https:\/\/eldiariodesanpedro.com.ar\/sitio\/wp-json\/wp\/v2\/media?parent=87419"}],"wp:term":[{"taxonomy":"category","embeddable":true,"href":"https:\/\/eldiariodesanpedro.com.ar\/sitio\/wp-json\/wp\/v2\/categories?post=87419"},{"taxonomy":"post_tag","embeddable":true,"href":"https:\/\/eldiariodesanpedro.com.ar\/sitio\/wp-json\/wp\/v2\/tags?post=87419"}],"curies":[{"name":"wp","href":"https:\/\/api.w.org\/{rel}","templated":true}]}}