{"id":87412,"date":"2021-02-09T19:50:12","date_gmt":"2021-02-09T22:50:12","guid":{"rendered":"https:\/\/eldiariodesanpedro.com.ar\/sitio\/?p=87412"},"modified":"2021-02-09T19:50:16","modified_gmt":"2021-02-09T22:50:16","slug":"el-pro-realizo-un-clase-abierta-en-la-plaza-constitucion","status":"publish","type":"post","link":"https:\/\/eldiariodesanpedro.com.ar\/sitio\/el-pro-realizo-un-clase-abierta-en-la-plaza-constitucion\/","title":{"rendered":"El PRO realizo un \u00abClase Abierta\u00bb en la Plaza Constituci\u00f3n"},"content":{"rendered":"<!-- VideographyWP Plugin Message: Automatic video embedding prevented by plugin options. -->\n\n<p>En la jornada de hoy se realizo una clase abierta en la plaza constituci\u00f3n por los representantes de Juntos por el Cambio de manera simb\u00f3lica para pedir que las clases vuelvan de manera presencial.<\/p>\n\n\n\n<p><em>\u00abLa Clase abierta simb\u00f3lica de hoy es para que el gobierno nacional, provincial y la sociedad toda en su conjunto, observe c\u00f3mo con muy bajos recursos y cumpliendo el protocolo se puede volver a las escuelas sin ning\u00fan tipo de excusas. Est\u00e1 actividad est\u00e1 pensada en favor de todo el conjunto estudiando. Estamos convencidos de que se puede dar inicio a la actividad y evitar un estr\u00e9s generalizado tanto a los ni\u00f1os, adolescente y adultos. como a los docentes que hicieron un esfuerzo de sobre manera en esta pandemia. Esto no es contra los docentes es con los docentes!<\/em>\u00ab.<\/p>\n\n\n\n<p>En el acto hablaron Diego Lafalce, prosigui\u00f3 Diego Taurizano quien dio su perspectiva como padre de alumnos y Gianfranco Rasio como alumno.<\/p>\n\n\n\n<p>Con consignas como\u00a0<strong>\u00abnuestro futuro depende de la educaci\u00f3n\u00bb<\/strong>, Juntos por el Cambio realizo una jornada nacional para reclamar el regreso a clases presenciales, pese a que ya se est\u00e1n implementando en buena parte del pa\u00eds. Como parte de su estrategia de campa\u00f1a, los dirigentes del PRO\u00a0buscar\u00e1n polarizar con la educaci\u00f3n, como ya lo hicieron con la cuarentena. En el acto principal, frente al Palacio Pizzurno se reuni\u00f3\u00a0<strong>el titular de la UCR, Alfredo Cornejo; la del PRO, Patricia Bullrich; y el de la Coalici\u00f3n C\u00edvica, Maximiliano Ferraro<\/strong>.<a href=\"https:\/\/www.pagina12.com.ar\/322615-san-juan-primeras-clases-presenciales\"><\/a><\/p>\n\n\n\n<figure class=\"wp-block-embed-facebook wp-block-embed is-type-rich is-provider-gestor-del-servicio\"><div class=\"wp-block-embed__wrapper\">\n<div class=\"fb-post\" data-href=\"https:\/\/www.facebook.com\/eldiario.desanpedro\/posts\/1496574773884990\" data-width=\"552\" style=\"background-color: #fff; display: inline-block;\"><\/div>\n<\/div><\/figure>\n","protected":false},"excerpt":{"rendered":"<p>En la jornada de hoy se realizo una clase abierta en la plaza constituci\u00f3n por los representantes de Juntos por el Cambio de manera simb\u00f3lica para pedir que las clases vuelvan de manera presencial. \u00abLa Clase abierta simb\u00f3lica de hoy es para que el gobierno nacional, provincial y la sociedad toda en su conjunto, observe [&hellip;]<\/p>\n","protected":false},"author":4,"featured_media":87413,"comment_status":"open","ping_status":"closed","sticky":false,"template":"","format":"standard","meta":{"om_disable_all_campaigns":false,"_jetpack_memberships_contains_paid_content":false,"footnotes":""},"categories":[50,101,2],"tags":[],"class_list":["post-87412","post","type-post","status-publish","format-standard","has-post-thumbnail","hentry","category-destacadas","category-interes-general-locales","category-locales"],"aioseo_notices":[],"gutentor_comment":0,"jetpack_featured_media_url":"https:\/\/eldiariodesanpedro.com.ar\/sitio\/wp-content\/uploads\/2021\/02\/WhatsApp-Image-2021-02-09-at-19.29.44-1.jpeg","jetpack_shortlink":"https:\/\/wp.me\/p6RhLt-mJS","jetpack_sharing_enabled":true,"_links":{"self":[{"href":"https:\/\/eldiariodesanpedro.com.ar\/sitio\/wp-json\/wp\/v2\/posts\/87412","targetHints":{"allow":["GET"]}}],"collection":[{"href":"https:\/\/eldiariodesanpedro.com.ar\/sitio\/wp-json\/wp\/v2\/posts"}],"about":[{"href":"https:\/\/eldiariodesanpedro.com.ar\/sitio\/wp-json\/wp\/v2\/types\/post"}],"author":[{"embeddable":true,"href":"https:\/\/eldiariodesanpedro.com.ar\/sitio\/wp-json\/wp\/v2\/users\/4"}],"replies":[{"embeddable":true,"href":"https:\/\/eldiariodesanpedro.com.ar\/sitio\/wp-json\/wp\/v2\/comments?post=87412"}],"version-history":[{"count":1,"href":"https:\/\/eldiariodesanpedro.com.ar\/sitio\/wp-json\/wp\/v2\/posts\/87412\/revisions"}],"predecessor-version":[{"id":87415,"href":"https:\/\/eldiariodesanpedro.com.ar\/sitio\/wp-json\/wp\/v2\/posts\/87412\/revisions\/87415"}],"wp:featuredmedia":[{"embeddable":true,"href":"https:\/\/eldiariodesanpedro.com.ar\/sitio\/wp-json\/wp\/v2\/media\/87413"}],"wp:attachment":[{"href":"https:\/\/eldiariodesanpedro.com.ar\/sitio\/wp-json\/wp\/v2\/media?parent=87412"}],"wp:term":[{"taxonomy":"category","embeddable":true,"href":"https:\/\/eldiariodesanpedro.com.ar\/sitio\/wp-json\/wp\/v2\/categories?post=87412"},{"taxonomy":"post_tag","embeddable":true,"href":"https:\/\/eldiariodesanpedro.com.ar\/sitio\/wp-json\/wp\/v2\/tags?post=87412"}],"curies":[{"name":"wp","href":"https:\/\/api.w.org\/{rel}","templated":true}]}}