{"id":87409,"date":"2021-02-09T19:19:16","date_gmt":"2021-02-09T22:19:16","guid":{"rendered":"https:\/\/eldiariodesanpedro.com.ar\/sitio\/?p=87409"},"modified":"2021-02-09T19:19:17","modified_gmt":"2021-02-09T22:19:17","slug":"baradero-choque-entre-dos-camiones-en-la-ruta-9","status":"publish","type":"post","link":"https:\/\/eldiariodesanpedro.com.ar\/sitio\/baradero-choque-entre-dos-camiones-en-la-ruta-9\/","title":{"rendered":"BARADERO | Choque entre dos camiones en la ruta 9"},"content":{"rendered":"<!-- VideographyWP Plugin Message: Automatic video embedding prevented by plugin options. -->\n\n<p>El hecho ocurri\u00f3 en el km 143 de la Ruta Nacional n\u00b0 9. Un cami\u00f3n de cereales de trigo circulaba con sentido a San Pedro cuando lo colisiona de atr\u00e1s otro cami\u00f3n que transportaba veh\u00edculos marca Toyota.<\/p>\n\n\n\n<p>El conductor del transporte de autos fue derivado al Hospital Municipal \u201cDr. Lino Pi\u00f1eiro\u201d producto de un fuerte impacto que recibi\u00f3 en la zona del pecho.<\/p>\n\n\n\n<p>A esta hora (17.10 hs), el carril Bs. As \u2013 Rosario mantiene circulaci\u00f3n vehicular reducida. El carril lento se encuentra cortado por lo que el tr\u00e1nsito es desviado por el carril r\u00e1pido. Se solicita transitar con suma precauci\u00f3n. Polic\u00eda Vial junto a polic\u00eda comunal trabajan en el lugar.<\/p>\n\n\n\n<p>Fuente: Fm Tiempo<\/p>\n","protected":false},"excerpt":{"rendered":"<p>El hecho ocurri\u00f3 en el km 143 de la Ruta Nacional n\u00b0 9. Un cami\u00f3n de cereales de trigo circulaba con sentido a San Pedro cuando lo colisiona de atr\u00e1s otro cami\u00f3n que transportaba veh\u00edculos marca Toyota. El conductor del transporte de autos fue derivado al Hospital Municipal \u201cDr. Lino Pi\u00f1eiro\u201d producto de un fuerte [&hellip;]<\/p>\n","protected":false},"author":4,"featured_media":87410,"comment_status":"open","ping_status":"closed","sticky":false,"template":"","format":"standard","meta":{"om_disable_all_campaigns":false,"_jetpack_memberships_contains_paid_content":false,"footnotes":""},"categories":[621],"tags":[],"class_list":["post-87409","post","type-post","status-publish","format-standard","has-post-thumbnail","hentry","category-regionales"],"aioseo_notices":[],"gutentor_comment":0,"jetpack_featured_media_url":"https:\/\/eldiariodesanpedro.com.ar\/sitio\/wp-content\/uploads\/2021\/02\/146549286_1634071190114211_339032176840217476_n.jpg","jetpack_shortlink":"https:\/\/wp.me\/p6RhLt-mJP","jetpack_sharing_enabled":true,"_links":{"self":[{"href":"https:\/\/eldiariodesanpedro.com.ar\/sitio\/wp-json\/wp\/v2\/posts\/87409","targetHints":{"allow":["GET"]}}],"collection":[{"href":"https:\/\/eldiariodesanpedro.com.ar\/sitio\/wp-json\/wp\/v2\/posts"}],"about":[{"href":"https:\/\/eldiariodesanpedro.com.ar\/sitio\/wp-json\/wp\/v2\/types\/post"}],"author":[{"embeddable":true,"href":"https:\/\/eldiariodesanpedro.com.ar\/sitio\/wp-json\/wp\/v2\/users\/4"}],"replies":[{"embeddable":true,"href":"https:\/\/eldiariodesanpedro.com.ar\/sitio\/wp-json\/wp\/v2\/comments?post=87409"}],"version-history":[{"count":1,"href":"https:\/\/eldiariodesanpedro.com.ar\/sitio\/wp-json\/wp\/v2\/posts\/87409\/revisions"}],"predecessor-version":[{"id":87411,"href":"https:\/\/eldiariodesanpedro.com.ar\/sitio\/wp-json\/wp\/v2\/posts\/87409\/revisions\/87411"}],"wp:featuredmedia":[{"embeddable":true,"href":"https:\/\/eldiariodesanpedro.com.ar\/sitio\/wp-json\/wp\/v2\/media\/87410"}],"wp:attachment":[{"href":"https:\/\/eldiariodesanpedro.com.ar\/sitio\/wp-json\/wp\/v2\/media?parent=87409"}],"wp:term":[{"taxonomy":"category","embeddable":true,"href":"https:\/\/eldiariodesanpedro.com.ar\/sitio\/wp-json\/wp\/v2\/categories?post=87409"},{"taxonomy":"post_tag","embeddable":true,"href":"https:\/\/eldiariodesanpedro.com.ar\/sitio\/wp-json\/wp\/v2\/tags?post=87409"}],"curies":[{"name":"wp","href":"https:\/\/api.w.org\/{rel}","templated":true}]}}