{"id":87407,"date":"2021-02-09T19:01:21","date_gmt":"2021-02-09T22:01:21","guid":{"rendered":"https:\/\/eldiariodesanpedro.com.ar\/sitio\/?p=87407"},"modified":"2021-02-09T19:01:26","modified_gmt":"2021-02-09T22:01:26","slug":"coronavirus-se-recibieron-7-positivos-y-32-negativos-y-los-activos-son-104","status":"publish","type":"post","link":"https:\/\/eldiariodesanpedro.com.ar\/sitio\/coronavirus-se-recibieron-7-positivos-y-32-negativos-y-los-activos-son-104\/","title":{"rendered":"Coronavirus: Se recibieron 7 positivos y 32 negativos y los activos son 104"},"content":{"rendered":"<!-- VideographyWP Plugin Message: Automatic video embedding prevented by plugin options. -->\n\n<p>La Secretar\u00eda de Salud de la Municipalidad de San Pedro brinda el informe que acompa\u00f1a la placa del d\u00eda de la fecha en el seguimiento de la Pandemia de Covid-19.<\/p>\n\n\n\n<p>Desde el informe anterior se suma la recepci\u00f3n de 39 nuevos resultados que sumaron 32 negativos y 7 positivos que corresponden a mujeres de 16, 29, 46 y 53 a\u00f1os; y hombres de 17, 45 y 48 a\u00f1os.<\/p>\n\n\n\n<p>Nuevos positivos: 7<br>Nuevos negativos: 32<\/p>\n\n\n\n<p>En los consultorios amarillos se han efectuado nuevos hisopados y se ir\u00e1n informando los resultados de los mismos en tanto se reciban los informes desde el laboratorio.<\/p>\n\n\n\n<p>ALTAS<br>Se cargaron 12 altas<br>Detalle:<br>Mujeres de 31, 32, 36, 67 y 79 a\u00f1os.<br>Hombres de 16, 25, 34(2), 35, 62 y 74 a\u00f1os.<\/p>\n\n\n\n<p>Resumen actualizado de informaci\u00f3n oficial<br>Positivos desde el inicio de la Pandemia: 2211<br>Activos: 104<br>Recuperados: 2033<br>Fallecidos: 74<br>Negativos desde el inicio de la Pandemia: 3212<br>Los datos consignados en este informe corresponden a ex\u00e1menes realizados por PCR.<br>&#x1f449; Usar tapabocas.<br>&#x1f449; Mantener la distancia m\u00ednima de 2 metros.<br>&#x1f449; Extremar la higiene de los espacios.<br>&#x1f449; Mantener las manos limpias.<\/p>\n\n\n\n<p>Se recuerda que, ante s\u00edntomas de tos seca, fiebre y dolor de garganta y la probabilidad de haber estado en contacto con enfermos o viajeros llegados desde las zonas transmisi\u00f3n local o comunitaria se puede llamar al 148 o 107.<\/p>\n","protected":false},"excerpt":{"rendered":"<p>La Secretar\u00eda de Salud de la Municipalidad de San Pedro brinda el informe que acompa\u00f1a la placa del d\u00eda de la fecha en el seguimiento de la Pandemia de Covid-19. Desde el informe anterior se suma la recepci\u00f3n de 39 nuevos resultados que sumaron 32 negativos y 7 positivos que corresponden a mujeres de 16, [&hellip;]<\/p>\n","protected":false},"author":4,"featured_media":77072,"comment_status":"open","ping_status":"closed","sticky":false,"template":"","format":"standard","meta":{"om_disable_all_campaigns":false,"_jetpack_memberships_contains_paid_content":false,"footnotes":""},"categories":[50,101,2],"tags":[],"class_list":["post-87407","post","type-post","status-publish","format-standard","has-post-thumbnail","hentry","category-destacadas","category-interes-general-locales","category-locales"],"aioseo_notices":[],"gutentor_comment":0,"jetpack_featured_media_url":"https:\/\/eldiariodesanpedro.com.ar\/sitio\/wp-content\/uploads\/2020\/07\/test-de-covid-19_1.jpg","jetpack_shortlink":"https:\/\/wp.me\/p6RhLt-mJN","jetpack_sharing_enabled":true,"_links":{"self":[{"href":"https:\/\/eldiariodesanpedro.com.ar\/sitio\/wp-json\/wp\/v2\/posts\/87407","targetHints":{"allow":["GET"]}}],"collection":[{"href":"https:\/\/eldiariodesanpedro.com.ar\/sitio\/wp-json\/wp\/v2\/posts"}],"about":[{"href":"https:\/\/eldiariodesanpedro.com.ar\/sitio\/wp-json\/wp\/v2\/types\/post"}],"author":[{"embeddable":true,"href":"https:\/\/eldiariodesanpedro.com.ar\/sitio\/wp-json\/wp\/v2\/users\/4"}],"replies":[{"embeddable":true,"href":"https:\/\/eldiariodesanpedro.com.ar\/sitio\/wp-json\/wp\/v2\/comments?post=87407"}],"version-history":[{"count":1,"href":"https:\/\/eldiariodesanpedro.com.ar\/sitio\/wp-json\/wp\/v2\/posts\/87407\/revisions"}],"predecessor-version":[{"id":87408,"href":"https:\/\/eldiariodesanpedro.com.ar\/sitio\/wp-json\/wp\/v2\/posts\/87407\/revisions\/87408"}],"wp:featuredmedia":[{"embeddable":true,"href":"https:\/\/eldiariodesanpedro.com.ar\/sitio\/wp-json\/wp\/v2\/media\/77072"}],"wp:attachment":[{"href":"https:\/\/eldiariodesanpedro.com.ar\/sitio\/wp-json\/wp\/v2\/media?parent=87407"}],"wp:term":[{"taxonomy":"category","embeddable":true,"href":"https:\/\/eldiariodesanpedro.com.ar\/sitio\/wp-json\/wp\/v2\/categories?post=87407"},{"taxonomy":"post_tag","embeddable":true,"href":"https:\/\/eldiariodesanpedro.com.ar\/sitio\/wp-json\/wp\/v2\/tags?post=87407"}],"curies":[{"name":"wp","href":"https:\/\/api.w.org\/{rel}","templated":true}]}}