{"id":87403,"date":"2021-02-09T18:50:51","date_gmt":"2021-02-09T21:50:51","guid":{"rendered":"https:\/\/eldiariodesanpedro.com.ar\/sitio\/?p=87403"},"modified":"2021-02-09T18:51:02","modified_gmt":"2021-02-09T21:51:02","slug":"mas-de-50-personas-en-la-oficina-de-empleo-en-gobernador-castro","status":"publish","type":"post","link":"https:\/\/eldiariodesanpedro.com.ar\/sitio\/mas-de-50-personas-en-la-oficina-de-empleo-en-gobernador-castro\/","title":{"rendered":"M\u00e1s de 50 personas en la oficina de empleo en Gobernador Castro"},"content":{"rendered":"<!-- VideographyWP Plugin Message: Automatic video embedding prevented by plugin options. -->\n\n<p>Comenz\u00f3 con gran inter\u00e9s hoy en Gobernador Castro la recorrida de un puesto m\u00f3vil de la Red de Empleo del Ministerio de Trabajo de la Naci\u00f3n, a cargo de los responsables locales de la Oficina de Empleo que depende de la Secretar\u00eda de Desarrollo Econ\u00f3mico.<\/p>\n\n\n\n<p>Con el operativo \u00abEn Tu Delegaci\u00f3n\u00bb los empleados del \u00e1rea reciben inquietudes relacionadas con b\u00fasquedas laborales e inscriben a los interesados en los programas para los que podr\u00edan aplicar.<\/p>\n\n\n\n<p>En este marco se brind\u00f3 tambi\u00e9n informaci\u00f3n a peque\u00f1os comerciantes y prestadores de servicios que podr\u00edan considerar la incorporaci\u00f3n de personal con los beneficios de la Red.<\/p>\n\n\n\n<p>La apertura de este punto de atenci\u00f3n result\u00f3 de inter\u00e9s para la radio local y para los vecinos con los que se intenta establecer un contacto m\u00e1s fluido.<\/p>\n\n\n\n<p>La Secretaria de Turismo (a cargo de Desarrollo Econ\u00f3mico) Marcela Cu\u00f1er, el Coordinador de Producci\u00f3n Hugo Ram\u00edrez y el Delegado Municipal \u00c1ngel \u00c1lvarez acompa\u00f1aron al equipo de la oficina.<\/p>\n\n\n\n<p>Ma\u00f1ana mi\u00e9rcoles 10 se repetir\u00e1 un programa similar en Vuelta de Obligado, el 23 de febrero en R\u00edo Tala y el 24 de febrero en Santa Luc\u00eda siempre en el horario de 9 a 13.<\/p>\n\n\n\n<figure class=\"wp-block-image size-large\"><img decoding=\"async\" width=\"682\" height=\"1024\" data-attachment-id=\"87405\" data-permalink=\"https:\/\/eldiariodesanpedro.com.ar\/sitio\/mas-de-50-personas-en-la-oficina-de-empleo-en-gobernador-castro\/whatsapp-image-2021-02-09-at-15-35-53-1\/\" data-orig-file=\"https:\/\/eldiariodesanpedro.com.ar\/sitio\/wp-content\/uploads\/2021\/02\/WhatsApp-Image-2021-02-09-at-15.35.53-1.jpeg\" data-orig-size=\"853,1280\" data-comments-opened=\"1\" data-image-meta=\"{&quot;aperture&quot;:&quot;0&quot;,&quot;credit&quot;:&quot;&quot;,&quot;camera&quot;:&quot;&quot;,&quot;caption&quot;:&quot;&quot;,&quot;created_timestamp&quot;:&quot;0&quot;,&quot;copyright&quot;:&quot;&quot;,&quot;focal_length&quot;:&quot;0&quot;,&quot;iso&quot;:&quot;0&quot;,&quot;shutter_speed&quot;:&quot;0&quot;,&quot;title&quot;:&quot;&quot;,&quot;orientation&quot;:&quot;0&quot;}\" data-image-title=\"WhatsApp-Image-2021-02-09-at-15.35.53-1\" data-image-description=\"\" data-image-caption=\"\" data-large-file=\"https:\/\/eldiariodesanpedro.com.ar\/sitio\/wp-content\/uploads\/2021\/02\/WhatsApp-Image-2021-02-09-at-15.35.53-1-682x1024.jpeg\" data-src=\"https:\/\/eldiariodesanpedro.com.ar\/sitio\/wp-content\/uploads\/2021\/02\/WhatsApp-Image-2021-02-09-at-15.35.53-1-682x1024.jpeg\" alt=\"\" class=\"wp-image-87405 lazyload\" data-srcset=\"https:\/\/eldiariodesanpedro.com.ar\/sitio\/wp-content\/uploads\/2021\/02\/WhatsApp-Image-2021-02-09-at-15.35.53-1-682x1024.jpeg 682w, https:\/\/eldiariodesanpedro.com.ar\/sitio\/wp-content\/uploads\/2021\/02\/WhatsApp-Image-2021-02-09-at-15.35.53-1-200x300.jpeg 200w, https:\/\/eldiariodesanpedro.com.ar\/sitio\/wp-content\/uploads\/2021\/02\/WhatsApp-Image-2021-02-09-at-15.35.53-1-768x1152.jpeg 768w, https:\/\/eldiariodesanpedro.com.ar\/sitio\/wp-content\/uploads\/2021\/02\/WhatsApp-Image-2021-02-09-at-15.35.53-1.jpeg 853w\" data-sizes=\"(max-width: 682px) 100vw, 682px\" src=\"data:image\/svg+xml;base64,PHN2ZyB3aWR0aD0iMSIgaGVpZ2h0PSIxIiB4bWxucz0iaHR0cDovL3d3dy53My5vcmcvMjAwMC9zdmciPjwvc3ZnPg==\" style=\"--smush-placeholder-width: 682px; --smush-placeholder-aspect-ratio: 682\/1024;\" \/><\/figure>\n","protected":false},"excerpt":{"rendered":"<p>Comenz\u00f3 con gran inter\u00e9s hoy en Gobernador Castro la recorrida de un puesto m\u00f3vil de la Red de Empleo del Ministerio de Trabajo de la Naci\u00f3n, a cargo de los responsables locales de la Oficina de Empleo que depende de la Secretar\u00eda de Desarrollo Econ\u00f3mico. Con el operativo \u00abEn Tu Delegaci\u00f3n\u00bb los empleados del \u00e1rea [&hellip;]<\/p>\n","protected":false},"author":4,"featured_media":87404,"comment_status":"open","ping_status":"closed","sticky":false,"template":"","format":"standard","meta":{"om_disable_all_campaigns":false,"_jetpack_memberships_contains_paid_content":false,"footnotes":""},"categories":[101,2],"tags":[],"class_list":["post-87403","post","type-post","status-publish","format-standard","has-post-thumbnail","hentry","category-interes-general-locales","category-locales"],"aioseo_notices":[],"gutentor_comment":0,"jetpack_featured_media_url":"https:\/\/eldiariodesanpedro.com.ar\/sitio\/wp-content\/uploads\/2021\/02\/WhatsApp-Image-2021-02-09-at-15.35.54-1.jpeg","jetpack_shortlink":"https:\/\/wp.me\/p6RhLt-mJJ","jetpack_sharing_enabled":true,"_links":{"self":[{"href":"https:\/\/eldiariodesanpedro.com.ar\/sitio\/wp-json\/wp\/v2\/posts\/87403","targetHints":{"allow":["GET"]}}],"collection":[{"href":"https:\/\/eldiariodesanpedro.com.ar\/sitio\/wp-json\/wp\/v2\/posts"}],"about":[{"href":"https:\/\/eldiariodesanpedro.com.ar\/sitio\/wp-json\/wp\/v2\/types\/post"}],"author":[{"embeddable":true,"href":"https:\/\/eldiariodesanpedro.com.ar\/sitio\/wp-json\/wp\/v2\/users\/4"}],"replies":[{"embeddable":true,"href":"https:\/\/eldiariodesanpedro.com.ar\/sitio\/wp-json\/wp\/v2\/comments?post=87403"}],"version-history":[{"count":1,"href":"https:\/\/eldiariodesanpedro.com.ar\/sitio\/wp-json\/wp\/v2\/posts\/87403\/revisions"}],"predecessor-version":[{"id":87406,"href":"https:\/\/eldiariodesanpedro.com.ar\/sitio\/wp-json\/wp\/v2\/posts\/87403\/revisions\/87406"}],"wp:featuredmedia":[{"embeddable":true,"href":"https:\/\/eldiariodesanpedro.com.ar\/sitio\/wp-json\/wp\/v2\/media\/87404"}],"wp:attachment":[{"href":"https:\/\/eldiariodesanpedro.com.ar\/sitio\/wp-json\/wp\/v2\/media?parent=87403"}],"wp:term":[{"taxonomy":"category","embeddable":true,"href":"https:\/\/eldiariodesanpedro.com.ar\/sitio\/wp-json\/wp\/v2\/categories?post=87403"},{"taxonomy":"post_tag","embeddable":true,"href":"https:\/\/eldiariodesanpedro.com.ar\/sitio\/wp-json\/wp\/v2\/tags?post=87403"}],"curies":[{"name":"wp","href":"https:\/\/api.w.org\/{rel}","templated":true}]}}