{"id":87398,"date":"2021-02-09T12:55:59","date_gmt":"2021-02-09T15:55:59","guid":{"rendered":"https:\/\/eldiariodesanpedro.com.ar\/sitio\/?p=87398"},"modified":"2021-02-09T12:56:03","modified_gmt":"2021-02-09T15:56:03","slug":"dos-automoviles-colisionaron-en-la-zona-centrica","status":"publish","type":"post","link":"https:\/\/eldiariodesanpedro.com.ar\/sitio\/dos-automoviles-colisionaron-en-la-zona-centrica\/","title":{"rendered":"Dos autom\u00f3viles colisionaron en la zona c\u00e9ntrica"},"content":{"rendered":"<!-- VideographyWP Plugin Message: Automatic video embedding prevented by plugin options. -->\n\n<p>Este mediod\u00eda colisionaron dos autom\u00f3viles en el centro de la ciudad donde afortunadamente no hubo heridos.<\/p>\n\n\n\n<p>El siniestro ocurri\u00f3 pasadas las 12 del mediod\u00eda en la intersecci\u00f3n de las calles Saavedra y Belgrano donde una autom\u00f3vil Citro\u00ebn conducido por un masculino colisiono contra otro Nissan en el que circulaba una mujer.<\/p>\n\n\n\n<p>Afortunadamente no fue necesaria la presencia de una ambulancia ya que no hubo heridos.<\/p>\n\n\n\n<p>Los propietarios arreglaron con los seguros.<\/p>\n\n\n\n<figure class=\"wp-block-image size-large\"><img decoding=\"async\" width=\"1024\" height=\"576\" data-attachment-id=\"87400\" data-permalink=\"https:\/\/eldiariodesanpedro.com.ar\/sitio\/dos-automoviles-colisionaron-en-la-zona-centrica\/whatsapp-image-2021-02-09-at-12-41-39-2\/\" data-orig-file=\"https:\/\/eldiariodesanpedro.com.ar\/sitio\/wp-content\/uploads\/2021\/02\/WhatsApp-Image-2021-02-09-at-12.41.39-2.jpeg\" data-orig-size=\"1032,581\" data-comments-opened=\"1\" data-image-meta=\"{&quot;aperture&quot;:&quot;0&quot;,&quot;credit&quot;:&quot;&quot;,&quot;camera&quot;:&quot;&quot;,&quot;caption&quot;:&quot;&quot;,&quot;created_timestamp&quot;:&quot;0&quot;,&quot;copyright&quot;:&quot;&quot;,&quot;focal_length&quot;:&quot;0&quot;,&quot;iso&quot;:&quot;0&quot;,&quot;shutter_speed&quot;:&quot;0&quot;,&quot;title&quot;:&quot;&quot;,&quot;orientation&quot;:&quot;0&quot;}\" data-image-title=\"WhatsApp Image 2021-02-09 at 12.41.39 (2)\" data-image-description=\"\" data-image-caption=\"\" data-large-file=\"https:\/\/eldiariodesanpedro.com.ar\/sitio\/wp-content\/uploads\/2021\/02\/WhatsApp-Image-2021-02-09-at-12.41.39-2-1024x576.jpeg\" data-src=\"https:\/\/eldiariodesanpedro.com.ar\/sitio\/wp-content\/uploads\/2021\/02\/WhatsApp-Image-2021-02-09-at-12.41.39-2-1024x576.jpeg\" alt=\"\" class=\"wp-image-87400 lazyload\" data-srcset=\"https:\/\/eldiariodesanpedro.com.ar\/sitio\/wp-content\/uploads\/2021\/02\/WhatsApp-Image-2021-02-09-at-12.41.39-2-1024x576.jpeg 1024w, https:\/\/eldiariodesanpedro.com.ar\/sitio\/wp-content\/uploads\/2021\/02\/WhatsApp-Image-2021-02-09-at-12.41.39-2-300x169.jpeg 300w, https:\/\/eldiariodesanpedro.com.ar\/sitio\/wp-content\/uploads\/2021\/02\/WhatsApp-Image-2021-02-09-at-12.41.39-2-768x432.jpeg 768w, https:\/\/eldiariodesanpedro.com.ar\/sitio\/wp-content\/uploads\/2021\/02\/WhatsApp-Image-2021-02-09-at-12.41.39-2-800x450.jpeg 800w, https:\/\/eldiariodesanpedro.com.ar\/sitio\/wp-content\/uploads\/2021\/02\/WhatsApp-Image-2021-02-09-at-12.41.39-2.jpeg 1032w\" data-sizes=\"(max-width: 1024px) 100vw, 1024px\" src=\"data:image\/svg+xml;base64,PHN2ZyB3aWR0aD0iMSIgaGVpZ2h0PSIxIiB4bWxucz0iaHR0cDovL3d3dy53My5vcmcvMjAwMC9zdmciPjwvc3ZnPg==\" style=\"--smush-placeholder-width: 1024px; --smush-placeholder-aspect-ratio: 1024\/576;\" \/><\/figure>\n\n\n\n<figure class=\"wp-block-image size-large\"><img decoding=\"async\" width=\"1024\" height=\"576\" data-attachment-id=\"87401\" data-permalink=\"https:\/\/eldiariodesanpedro.com.ar\/sitio\/dos-automoviles-colisionaron-en-la-zona-centrica\/whatsapp-image-2021-02-09-at-12-41-39\/\" data-orig-file=\"https:\/\/eldiariodesanpedro.com.ar\/sitio\/wp-content\/uploads\/2021\/02\/WhatsApp-Image-2021-02-09-at-12.41.39.jpeg\" data-orig-size=\"1032,581\" data-comments-opened=\"1\" data-image-meta=\"{&quot;aperture&quot;:&quot;0&quot;,&quot;credit&quot;:&quot;&quot;,&quot;camera&quot;:&quot;&quot;,&quot;caption&quot;:&quot;&quot;,&quot;created_timestamp&quot;:&quot;0&quot;,&quot;copyright&quot;:&quot;&quot;,&quot;focal_length&quot;:&quot;0&quot;,&quot;iso&quot;:&quot;0&quot;,&quot;shutter_speed&quot;:&quot;0&quot;,&quot;title&quot;:&quot;&quot;,&quot;orientation&quot;:&quot;0&quot;}\" data-image-title=\"WhatsApp Image 2021-02-09 at 12.41.39\" data-image-description=\"\" data-image-caption=\"\" data-large-file=\"https:\/\/eldiariodesanpedro.com.ar\/sitio\/wp-content\/uploads\/2021\/02\/WhatsApp-Image-2021-02-09-at-12.41.39-1024x576.jpeg\" data-src=\"https:\/\/eldiariodesanpedro.com.ar\/sitio\/wp-content\/uploads\/2021\/02\/WhatsApp-Image-2021-02-09-at-12.41.39-1024x576.jpeg\" alt=\"\" class=\"wp-image-87401 lazyload\" data-srcset=\"https:\/\/eldiariodesanpedro.com.ar\/sitio\/wp-content\/uploads\/2021\/02\/WhatsApp-Image-2021-02-09-at-12.41.39-1024x576.jpeg 1024w, https:\/\/eldiariodesanpedro.com.ar\/sitio\/wp-content\/uploads\/2021\/02\/WhatsApp-Image-2021-02-09-at-12.41.39-300x169.jpeg 300w, https:\/\/eldiariodesanpedro.com.ar\/sitio\/wp-content\/uploads\/2021\/02\/WhatsApp-Image-2021-02-09-at-12.41.39-768x432.jpeg 768w, https:\/\/eldiariodesanpedro.com.ar\/sitio\/wp-content\/uploads\/2021\/02\/WhatsApp-Image-2021-02-09-at-12.41.39-800x450.jpeg 800w, https:\/\/eldiariodesanpedro.com.ar\/sitio\/wp-content\/uploads\/2021\/02\/WhatsApp-Image-2021-02-09-at-12.41.39.jpeg 1032w\" data-sizes=\"(max-width: 1024px) 100vw, 1024px\" src=\"data:image\/svg+xml;base64,PHN2ZyB3aWR0aD0iMSIgaGVpZ2h0PSIxIiB4bWxucz0iaHR0cDovL3d3dy53My5vcmcvMjAwMC9zdmciPjwvc3ZnPg==\" style=\"--smush-placeholder-width: 1024px; --smush-placeholder-aspect-ratio: 1024\/576;\" \/><\/figure>\n","protected":false},"excerpt":{"rendered":"<p>Este mediod\u00eda colisionaron dos autom\u00f3viles en el centro de la ciudad donde afortunadamente no hubo heridos. El siniestro ocurri\u00f3 pasadas las 12 del mediod\u00eda en la intersecci\u00f3n de las calles Saavedra y Belgrano donde una autom\u00f3vil Citro\u00ebn conducido por un masculino colisiono contra otro Nissan en el que circulaba una mujer. Afortunadamente no fue necesaria [&hellip;]<\/p>\n","protected":false},"author":4,"featured_media":87399,"comment_status":"open","ping_status":"closed","sticky":false,"template":"","format":"standard","meta":{"om_disable_all_campaigns":false,"_jetpack_memberships_contains_paid_content":false,"footnotes":""},"categories":[2,103],"tags":[],"class_list":["post-87398","post","type-post","status-publish","format-standard","has-post-thumbnail","hentry","category-locales","category-policiales-locales"],"aioseo_notices":[],"gutentor_comment":0,"jetpack_featured_media_url":"https:\/\/eldiariodesanpedro.com.ar\/sitio\/wp-content\/uploads\/2021\/02\/WhatsApp-Image-2021-02-09-at-12.41.39-1.jpeg","jetpack_shortlink":"https:\/\/wp.me\/p6RhLt-mJE","jetpack_sharing_enabled":true,"_links":{"self":[{"href":"https:\/\/eldiariodesanpedro.com.ar\/sitio\/wp-json\/wp\/v2\/posts\/87398","targetHints":{"allow":["GET"]}}],"collection":[{"href":"https:\/\/eldiariodesanpedro.com.ar\/sitio\/wp-json\/wp\/v2\/posts"}],"about":[{"href":"https:\/\/eldiariodesanpedro.com.ar\/sitio\/wp-json\/wp\/v2\/types\/post"}],"author":[{"embeddable":true,"href":"https:\/\/eldiariodesanpedro.com.ar\/sitio\/wp-json\/wp\/v2\/users\/4"}],"replies":[{"embeddable":true,"href":"https:\/\/eldiariodesanpedro.com.ar\/sitio\/wp-json\/wp\/v2\/comments?post=87398"}],"version-history":[{"count":1,"href":"https:\/\/eldiariodesanpedro.com.ar\/sitio\/wp-json\/wp\/v2\/posts\/87398\/revisions"}],"predecessor-version":[{"id":87402,"href":"https:\/\/eldiariodesanpedro.com.ar\/sitio\/wp-json\/wp\/v2\/posts\/87398\/revisions\/87402"}],"wp:featuredmedia":[{"embeddable":true,"href":"https:\/\/eldiariodesanpedro.com.ar\/sitio\/wp-json\/wp\/v2\/media\/87399"}],"wp:attachment":[{"href":"https:\/\/eldiariodesanpedro.com.ar\/sitio\/wp-json\/wp\/v2\/media?parent=87398"}],"wp:term":[{"taxonomy":"category","embeddable":true,"href":"https:\/\/eldiariodesanpedro.com.ar\/sitio\/wp-json\/wp\/v2\/categories?post=87398"},{"taxonomy":"post_tag","embeddable":true,"href":"https:\/\/eldiariodesanpedro.com.ar\/sitio\/wp-json\/wp\/v2\/tags?post=87398"}],"curies":[{"name":"wp","href":"https:\/\/api.w.org\/{rel}","templated":true}]}}