{"id":87394,"date":"2021-02-09T12:17:58","date_gmt":"2021-02-09T15:17:58","guid":{"rendered":"https:\/\/eldiariodesanpedro.com.ar\/sitio\/?p=87394"},"modified":"2021-02-09T12:18:37","modified_gmt":"2021-02-09T15:18:37","slug":"rojas-femicidio-un-policia-bonaerense-mato-a-su-exnovia-de-19-anos","status":"publish","type":"post","link":"https:\/\/eldiariodesanpedro.com.ar\/sitio\/rojas-femicidio-un-policia-bonaerense-mato-a-su-exnovia-de-19-anos\/","title":{"rendered":"ROJAS | Femicidio: Un polic\u00eda bonaerense mat\u00f3 a su exnovia de 19 a\u00f1os"},"content":{"rendered":"<!-- VideographyWP Plugin Message: Automatic video embedding prevented by plugin options. -->\n\n<p>\u00darsula ten\u00eda 19 a\u00f1os y ya hab\u00eda hecho 14 denuncias en la Comisar\u00eda de la Mujer contra su expareja, un efectivo de la polic\u00eda bonaerense. La v\u00edctima fue identificada como \u00darsula Bahillo, de 19 a\u00f1os, hija de un comerciante local, quien fue encontrada la noche del lunes asesinada a pu\u00f1aladas en una zona rural donde hab\u00eda sido citada por su expareja, Mat\u00edas Ezequiel Mart\u00ednez, un oficial de polic\u00eda bonaerense que estaba con carpeta psiqui\u00e1trica desde septiembre del 2020 y que intent\u00f3 suicidarse luego del crimen. Seg\u00fan fuentes policiales, Bahillo hab\u00eda denunciado a Mart\u00ednez por violencia de g\u00e9nero y ten\u00eda una restricci\u00f3n perimetral. Sin embargo, se especula que el polic\u00eda la cit\u00f3 para hablar y luego la asesin\u00f3 a pu\u00f1aladas con la misma arma blanca con la que se provoc\u00f3 una serie de lesiones.<\/p>\n\n\n\n<p>El polic\u00eda, que se desempe\u00f1a en un Destacamento de San Nicol\u00e1s pero ten\u00eda licencia psiqui\u00e1trica hace cinco meses, qued\u00f3 detenido en sede policial a disposici\u00f3n de la justicia acusado de \u00abhomicidio calificado por violencia de g\u00e9nero\u00bb.<\/p>\n\n\n\n<p>Anoche hubo una protesta en la comisar\u00eda local en la que se juntaron tambi\u00e9n otras exparejas del polic\u00eda que tambi\u00e9n lo hab\u00edan denunciado. La protesta termin\u00f3 con represi\u00f3n e incidentes.<\/p>\n\n\n\n<p>La joven lleg\u00f3 a mandar un mensaje a sus padres que dec\u00eda \u00abSi un d\u00eda no vuelvo hacen mierda todo\u00bb.<\/p>\n\n\n\n<p>Fuente: <a href=\"https:\/\/www.facebook.com\/ramallocity\/posts\/3874096409321486\">Ramallo City<\/a><\/p>\n","protected":false},"excerpt":{"rendered":"<p>\u00darsula ten\u00eda 19 a\u00f1os y ya hab\u00eda hecho 14 denuncias en la Comisar\u00eda de la Mujer contra su expareja, un efectivo de la polic\u00eda bonaerense. La v\u00edctima fue identificada como \u00darsula Bahillo, de 19 a\u00f1os, hija de un comerciante local, quien fue encontrada la noche del lunes asesinada a pu\u00f1aladas en una zona rural donde [&hellip;]<\/p>\n","protected":false},"author":4,"featured_media":87395,"comment_status":"open","ping_status":"closed","sticky":false,"template":"","format":"standard","meta":{"om_disable_all_campaigns":false,"_jetpack_memberships_contains_paid_content":false,"footnotes":""},"categories":[2],"tags":[],"class_list":["post-87394","post","type-post","status-publish","format-standard","has-post-thumbnail","hentry","category-locales"],"aioseo_notices":[],"gutentor_comment":0,"jetpack_featured_media_url":"https:\/\/eldiariodesanpedro.com.ar\/sitio\/wp-content\/uploads\/2021\/02\/147630760_3874094625988331_5240783586668451874_n.png","jetpack_shortlink":"https:\/\/wp.me\/p6RhLt-mJA","jetpack_sharing_enabled":true,"_links":{"self":[{"href":"https:\/\/eldiariodesanpedro.com.ar\/sitio\/wp-json\/wp\/v2\/posts\/87394","targetHints":{"allow":["GET"]}}],"collection":[{"href":"https:\/\/eldiariodesanpedro.com.ar\/sitio\/wp-json\/wp\/v2\/posts"}],"about":[{"href":"https:\/\/eldiariodesanpedro.com.ar\/sitio\/wp-json\/wp\/v2\/types\/post"}],"author":[{"embeddable":true,"href":"https:\/\/eldiariodesanpedro.com.ar\/sitio\/wp-json\/wp\/v2\/users\/4"}],"replies":[{"embeddable":true,"href":"https:\/\/eldiariodesanpedro.com.ar\/sitio\/wp-json\/wp\/v2\/comments?post=87394"}],"version-history":[{"count":2,"href":"https:\/\/eldiariodesanpedro.com.ar\/sitio\/wp-json\/wp\/v2\/posts\/87394\/revisions"}],"predecessor-version":[{"id":87397,"href":"https:\/\/eldiariodesanpedro.com.ar\/sitio\/wp-json\/wp\/v2\/posts\/87394\/revisions\/87397"}],"wp:featuredmedia":[{"embeddable":true,"href":"https:\/\/eldiariodesanpedro.com.ar\/sitio\/wp-json\/wp\/v2\/media\/87395"}],"wp:attachment":[{"href":"https:\/\/eldiariodesanpedro.com.ar\/sitio\/wp-json\/wp\/v2\/media?parent=87394"}],"wp:term":[{"taxonomy":"category","embeddable":true,"href":"https:\/\/eldiariodesanpedro.com.ar\/sitio\/wp-json\/wp\/v2\/categories?post=87394"},{"taxonomy":"post_tag","embeddable":true,"href":"https:\/\/eldiariodesanpedro.com.ar\/sitio\/wp-json\/wp\/v2\/tags?post=87394"}],"curies":[{"name":"wp","href":"https:\/\/api.w.org\/{rel}","templated":true}]}}