{"id":87391,"date":"2021-02-09T12:15:03","date_gmt":"2021-02-09T15:15:03","guid":{"rendered":"https:\/\/eldiariodesanpedro.com.ar\/sitio\/?p=87391"},"modified":"2021-02-09T12:15:07","modified_gmt":"2021-02-09T15:15:07","slug":"desafectaron-a-400-policias-bonaerenses-que-participaron-de-las-protestas-frente-a-la-quinta-de-olivos","status":"publish","type":"post","link":"https:\/\/eldiariodesanpedro.com.ar\/sitio\/desafectaron-a-400-policias-bonaerenses-que-participaron-de-las-protestas-frente-a-la-quinta-de-olivos\/","title":{"rendered":"Desafectaron a 400 polic\u00edas bonaerenses que participaron de las protestas frente a la Quinta de Olivos"},"content":{"rendered":"<!-- VideographyWP Plugin Message: Automatic video embedding prevented by plugin options. -->\n\n<p>El gobierno de la provincia de Buenos Aires decidi\u00f3 desafectar a 400 polic\u00edas que participaron de las protestas frente a la Quinta de Olivos realizadas en septiembre del a\u00f1o pasado en medio de un conflicto salarial. La decisi\u00f3n fue confirmada por el ministro de Seguridad, Sergio Berni, quien asegur\u00f3: \u201cTodos los que fueron sumariados es porque no cumplieron con su deber; el que los castiga es la ley, no Asuntos Internos\u201d.<\/p>\n\n\n\n<p>La decisi\u00f3n surge a pocas horas de una nueva protesta de miembros de la fuerza que est\u00e1n reclamando aumentos de salarios. De hecho, en la administraci\u00f3n de Axel Kicillof especulan que estas nuevas manifestaciones hab\u00edan sido anunciadas porque sab\u00edan que ser\u00edan sancionados los efectivos que el a\u00f1o pasado estuvieron en las calles para exigir aumentos de sueldos y mejoras de las condiciones laborales.<\/p>\n\n\n\n<p>Fuentes oficiales informaron a Infobae que ya fueron emitidas las c\u00e9dulas de notificaci\u00f3n para cada oficial desafectado. De acuerdo a documentaci\u00f3n interna firmada por el auditor Joaqu\u00edn Mar\u00eda Garc\u00eda y fechada el 8 de febrero, la sanci\u00f3n fue adoptada en \u201cpresunta infracci\u00f3n al decreto 1050\/09\u2033. Se trata de una norma que regula el funcionamiento de la Polic\u00eda bonaerense y establece en qu\u00e9 caso un efectivo puede ser sancionado. La medida adoptada en este caso es una de las m\u00e1s graves.<\/p>\n\n\n\n<p>La protesta en Olivos form\u00f3 parte de una ola de reclamos que se extendi\u00f3 durante varios d\u00edas y que se destrab\u00f3 luego de que el presidente Alberto Fern\u00e1ndez le recortara fondos de coparticipaci\u00f3n al gobierno porte\u00f1o para financiar un aumento de salarios. Esa poda de recursos a la Capital Federal est\u00e1 siendo discutida en la Corte Suprema de Justicia.<\/p>\n\n\n\n<p>Fuente:<a href=\"https:\/\/infobae.com\/?fbclid=IwAR0_kWneL30XwbbJOxP2ehNBLAT73Y2L3u94OOuC_zF5HQhJz9ft1_Bp5i0\"> Infobae.com<\/a><\/p>\n","protected":false},"excerpt":{"rendered":"<p>El gobierno de la provincia de Buenos Aires decidi\u00f3 desafectar a 400 polic\u00edas que participaron de las protestas frente a la Quinta de Olivos realizadas en septiembre del a\u00f1o pasado en medio de un conflicto salarial. La decisi\u00f3n fue confirmada por el ministro de Seguridad, Sergio Berni, quien asegur\u00f3: \u201cTodos los que fueron sumariados es [&hellip;]<\/p>\n","protected":false},"author":4,"featured_media":87392,"comment_status":"open","ping_status":"closed","sticky":false,"template":"","format":"standard","meta":{"om_disable_all_campaigns":false,"_jetpack_memberships_contains_paid_content":false,"footnotes":""},"categories":[621],"tags":[],"class_list":["post-87391","post","type-post","status-publish","format-standard","has-post-thumbnail","hentry","category-regionales"],"aioseo_notices":[],"gutentor_comment":0,"jetpack_featured_media_url":"https:\/\/eldiariodesanpedro.com.ar\/sitio\/wp-content\/uploads\/2021\/02\/147279356_3874275442636916_5001785199898092616_o.jpg","jetpack_shortlink":"https:\/\/wp.me\/p6RhLt-mJx","jetpack_sharing_enabled":true,"_links":{"self":[{"href":"https:\/\/eldiariodesanpedro.com.ar\/sitio\/wp-json\/wp\/v2\/posts\/87391","targetHints":{"allow":["GET"]}}],"collection":[{"href":"https:\/\/eldiariodesanpedro.com.ar\/sitio\/wp-json\/wp\/v2\/posts"}],"about":[{"href":"https:\/\/eldiariodesanpedro.com.ar\/sitio\/wp-json\/wp\/v2\/types\/post"}],"author":[{"embeddable":true,"href":"https:\/\/eldiariodesanpedro.com.ar\/sitio\/wp-json\/wp\/v2\/users\/4"}],"replies":[{"embeddable":true,"href":"https:\/\/eldiariodesanpedro.com.ar\/sitio\/wp-json\/wp\/v2\/comments?post=87391"}],"version-history":[{"count":1,"href":"https:\/\/eldiariodesanpedro.com.ar\/sitio\/wp-json\/wp\/v2\/posts\/87391\/revisions"}],"predecessor-version":[{"id":87393,"href":"https:\/\/eldiariodesanpedro.com.ar\/sitio\/wp-json\/wp\/v2\/posts\/87391\/revisions\/87393"}],"wp:featuredmedia":[{"embeddable":true,"href":"https:\/\/eldiariodesanpedro.com.ar\/sitio\/wp-json\/wp\/v2\/media\/87392"}],"wp:attachment":[{"href":"https:\/\/eldiariodesanpedro.com.ar\/sitio\/wp-json\/wp\/v2\/media?parent=87391"}],"wp:term":[{"taxonomy":"category","embeddable":true,"href":"https:\/\/eldiariodesanpedro.com.ar\/sitio\/wp-json\/wp\/v2\/categories?post=87391"},{"taxonomy":"post_tag","embeddable":true,"href":"https:\/\/eldiariodesanpedro.com.ar\/sitio\/wp-json\/wp\/v2\/tags?post=87391"}],"curies":[{"name":"wp","href":"https:\/\/api.w.org\/{rel}","templated":true}]}}