{"id":87388,"date":"2021-02-09T11:48:24","date_gmt":"2021-02-09T14:48:24","guid":{"rendered":"https:\/\/eldiariodesanpedro.com.ar\/sitio\/?p=87388"},"modified":"2021-02-09T11:48:28","modified_gmt":"2021-02-09T14:48:28","slug":"asociacion-espanola-de-socorros-mutuos-convocatoria-a-asamblea-anual-ordinaria","status":"publish","type":"post","link":"https:\/\/eldiariodesanpedro.com.ar\/sitio\/asociacion-espanola-de-socorros-mutuos-convocatoria-a-asamblea-anual-ordinaria\/","title":{"rendered":"Asociaci\u00f3n Espa\u00f1ola de Socorros Mutuos, Convocatoria a Asamblea Anual Ordinaria"},"content":{"rendered":"<!-- VideographyWP Plugin Message: Automatic video embedding prevented by plugin options. -->\n\n<p><strong>ASOCIACI\u00d3N ESPA\u00d1OLA DE SOCORROS MUTUOS<\/strong><\/p>\n\n\n\n<p><strong>CONVOCATORIA A ASAMBLEA<\/strong> <strong>ANUAL ORDINARIA<\/strong><\/p>\n\n\n\n<p class=\"has-text-align-right\"><strong>San Pedro, 09 de Febrero de 2021.<\/strong><\/p>\n\n\n\n<p>En cumplimiento de lo establecido en el Art.29 de los Estatutos Sociales aprobados por INAES, por resoluci\u00f3n 038 del 21\/1\/75, y seg\u00fan\u00a0 Resoluci\u00f3n 1015\/20, citase a los se\u00f1ores socios activos de la Asociaci\u00f3n Espa\u00f1ola de Socorros Mutuos de San Pedro (B), a la ASAMBLEA\u00a0 ANUAL ORDINARIA de su 136\u00b0 y 137\u00b0 Ejercicio, a realizarse el d\u00eda 14 de Marzo de 2021 en calle Bme. Mitre 275, de esta ciudad, a las 20:00 hs. a fin de considerar el siguiente:<\/p>\n\n\n\n<p class=\"has-text-align-center\">\u00a0\u00a0\u00a0\u00a0\u00a0\u00a0\u00a0 <strong>ORDEN DEL DIA<\/strong><\/p>\n\n\n\n<ol class=\"wp-block-list\" type=\"1\"><li>Lectura y aprobaci\u00f3n del Acta de la Asamblea anterior.<\/li><li>Designaci\u00f3n de dos socios para suscribir el Acta de esta Asamblea conjuntamente con el Presidente y Secretario y con facultades aprobadas.\u00a0 \u00a0\u00a0<\/li><li>Motivos por los cuales se celebra la Asamblea fuera de t\u00e9rmino estatutario.<\/li><li>Consideraci\u00f3n de la Memoria, Balance General, Estado de Resultados y Situaci\u00f3n Patrimonial e Informe de Junta fiscalizadora del ejercicio N\u00ba 136 al 31 de Diciembre de 2019.<\/li><li>Consideraci\u00f3n de la Memoria, Balance General, Estado de Resultados y Situaci\u00f3n Patrimonial e Informe de Junta fiscalizadora del ejercicio N\u00ba 137 al 31 de Diciembre de 2020.<\/li><li>Designaci\u00f3n de Junta Escrutadora<\/li><li>Elecci\u00f3n de Comisi\u00f3n Directiva y Junta Fiscalizadora, conforme lo establece el TITULO XII Art\u00b0 38 Del estatuto social.<\/li><li>Proclamaci\u00f3n de la lista ganadora.<\/li><li>Informe de presidencia.<\/li><\/ol>\n\n\n\n<p class=\"has-text-align-center\"><strong>MARCELA ORTIZ\u00a0\u00a0 \u00a0\u00a0\u00a0\u00a0\u00a0\u00a0\u00a0\u00a0\u00a0\u00a0ROBERTO MASANES\u00a0\u00a0\u00a0\u00a0\u00a0\u00a0\u00a0\u00a0\u00a0\u00a0 RODOLFO CALVERAS<\/strong><br><strong> SECRETARIO\u00a0\u00a0\u00a0\u00a0\u00a0\u00a0\u00a0                   \u00a0\u00a0TESORERO\u00a0\u00a0\u00a0\u00a0\u00a0\u00a0\u00a0\u00a0\u00a0\u00a0\u00a0                   PRESIDENTE<\/strong><\/p>\n","protected":false},"excerpt":{"rendered":"<p>ASOCIACI\u00d3N ESPA\u00d1OLA DE SOCORROS MUTUOS CONVOCATORIA A ASAMBLEA ANUAL ORDINARIA San Pedro, 09 de Febrero de 2021. En cumplimiento de lo establecido en el Art.29 de los Estatutos Sociales aprobados por INAES, por resoluci\u00f3n 038 del 21\/1\/75, y seg\u00fan\u00a0 Resoluci\u00f3n 1015\/20, citase a los se\u00f1ores socios activos de la Asociaci\u00f3n Espa\u00f1ola de Socorros Mutuos de [&hellip;]<\/p>\n","protected":false},"author":4,"featured_media":87389,"comment_status":"open","ping_status":"closed","sticky":false,"template":"","format":"standard","meta":{"om_disable_all_campaigns":false,"_jetpack_memberships_contains_paid_content":false,"footnotes":""},"categories":[678,676],"tags":[],"class_list":["post-87388","post","type-post","status-publish","format-standard","has-post-thumbnail","hentry","category-convocatorias","category-edictos"],"aioseo_notices":[],"gutentor_comment":0,"jetpack_featured_media_url":"https:\/\/eldiariodesanpedro.com.ar\/sitio\/wp-content\/uploads\/2021\/02\/Sociedad-Espanola-Convocatoria-febero-2021.jpg","jetpack_shortlink":"https:\/\/wp.me\/p6RhLt-mJu","jetpack_sharing_enabled":true,"_links":{"self":[{"href":"https:\/\/eldiariodesanpedro.com.ar\/sitio\/wp-json\/wp\/v2\/posts\/87388","targetHints":{"allow":["GET"]}}],"collection":[{"href":"https:\/\/eldiariodesanpedro.com.ar\/sitio\/wp-json\/wp\/v2\/posts"}],"about":[{"href":"https:\/\/eldiariodesanpedro.com.ar\/sitio\/wp-json\/wp\/v2\/types\/post"}],"author":[{"embeddable":true,"href":"https:\/\/eldiariodesanpedro.com.ar\/sitio\/wp-json\/wp\/v2\/users\/4"}],"replies":[{"embeddable":true,"href":"https:\/\/eldiariodesanpedro.com.ar\/sitio\/wp-json\/wp\/v2\/comments?post=87388"}],"version-history":[{"count":1,"href":"https:\/\/eldiariodesanpedro.com.ar\/sitio\/wp-json\/wp\/v2\/posts\/87388\/revisions"}],"predecessor-version":[{"id":87390,"href":"https:\/\/eldiariodesanpedro.com.ar\/sitio\/wp-json\/wp\/v2\/posts\/87388\/revisions\/87390"}],"wp:featuredmedia":[{"embeddable":true,"href":"https:\/\/eldiariodesanpedro.com.ar\/sitio\/wp-json\/wp\/v2\/media\/87389"}],"wp:attachment":[{"href":"https:\/\/eldiariodesanpedro.com.ar\/sitio\/wp-json\/wp\/v2\/media?parent=87388"}],"wp:term":[{"taxonomy":"category","embeddable":true,"href":"https:\/\/eldiariodesanpedro.com.ar\/sitio\/wp-json\/wp\/v2\/categories?post=87388"},{"taxonomy":"post_tag","embeddable":true,"href":"https:\/\/eldiariodesanpedro.com.ar\/sitio\/wp-json\/wp\/v2\/tags?post=87388"}],"curies":[{"name":"wp","href":"https:\/\/api.w.org\/{rel}","templated":true}]}}