{"id":87386,"date":"2021-02-09T11:36:31","date_gmt":"2021-02-09T14:36:31","guid":{"rendered":"https:\/\/eldiariodesanpedro.com.ar\/sitio\/?p=87386"},"modified":"2021-02-09T11:36:35","modified_gmt":"2021-02-09T14:36:35","slug":"tras-violentar-un-porton-sustrajeron-unas-rejas-de-un-vivero","status":"publish","type":"post","link":"https:\/\/eldiariodesanpedro.com.ar\/sitio\/tras-violentar-un-porton-sustrajeron-unas-rejas-de-un-vivero\/","title":{"rendered":"Tras violentar un port\u00f3n sustrajeron unas rejas de un vivero"},"content":{"rendered":"<!-- VideographyWP Plugin Message: Automatic video embedding prevented by plugin options. -->\n\n<p>El hecho fue denunciado este lunes por un ciudadano de 75 a\u00f1os de edad en la comisar\u00eda local, donde declar\u00f3 que durante el pasado mes de enero delincuentes ignorados sustrajeron unas rejas en un vivero localizado en inmediaciones de la ruta nacional 9 y ruta 191.<\/p>\n\n\n\n<p>Investiga el hecho la fiscal\u00eda local de San Pedro.<\/p>\n","protected":false},"excerpt":{"rendered":"<p>El hecho fue denunciado este lunes por un ciudadano de 75 a\u00f1os de edad en la comisar\u00eda local, donde declar\u00f3 que durante el pasado mes de enero delincuentes ignorados sustrajeron unas rejas en un vivero localizado en inmediaciones de la ruta nacional 9 y ruta 191. Investiga el hecho la fiscal\u00eda local de San Pedro.<\/p>\n","protected":false},"author":4,"featured_media":45394,"comment_status":"open","ping_status":"closed","sticky":false,"template":"","format":"standard","meta":{"om_disable_all_campaigns":false,"_jetpack_memberships_contains_paid_content":false,"footnotes":""},"categories":[2,103],"tags":[],"class_list":["post-87386","post","type-post","status-publish","format-standard","has-post-thumbnail","hentry","category-locales","category-policiales-locales"],"aioseo_notices":[],"gutentor_comment":0,"jetpack_featured_media_url":"https:\/\/eldiariodesanpedro.com.ar\/sitio\/wp-content\/uploads\/2019\/01\/comisaria.jpg","jetpack_shortlink":"https:\/\/wp.me\/p6RhLt-mJs","jetpack_sharing_enabled":true,"_links":{"self":[{"href":"https:\/\/eldiariodesanpedro.com.ar\/sitio\/wp-json\/wp\/v2\/posts\/87386","targetHints":{"allow":["GET"]}}],"collection":[{"href":"https:\/\/eldiariodesanpedro.com.ar\/sitio\/wp-json\/wp\/v2\/posts"}],"about":[{"href":"https:\/\/eldiariodesanpedro.com.ar\/sitio\/wp-json\/wp\/v2\/types\/post"}],"author":[{"embeddable":true,"href":"https:\/\/eldiariodesanpedro.com.ar\/sitio\/wp-json\/wp\/v2\/users\/4"}],"replies":[{"embeddable":true,"href":"https:\/\/eldiariodesanpedro.com.ar\/sitio\/wp-json\/wp\/v2\/comments?post=87386"}],"version-history":[{"count":1,"href":"https:\/\/eldiariodesanpedro.com.ar\/sitio\/wp-json\/wp\/v2\/posts\/87386\/revisions"}],"predecessor-version":[{"id":87387,"href":"https:\/\/eldiariodesanpedro.com.ar\/sitio\/wp-json\/wp\/v2\/posts\/87386\/revisions\/87387"}],"wp:featuredmedia":[{"embeddable":true,"href":"https:\/\/eldiariodesanpedro.com.ar\/sitio\/wp-json\/wp\/v2\/media\/45394"}],"wp:attachment":[{"href":"https:\/\/eldiariodesanpedro.com.ar\/sitio\/wp-json\/wp\/v2\/media?parent=87386"}],"wp:term":[{"taxonomy":"category","embeddable":true,"href":"https:\/\/eldiariodesanpedro.com.ar\/sitio\/wp-json\/wp\/v2\/categories?post=87386"},{"taxonomy":"post_tag","embeddable":true,"href":"https:\/\/eldiariodesanpedro.com.ar\/sitio\/wp-json\/wp\/v2\/tags?post=87386"}],"curies":[{"name":"wp","href":"https:\/\/api.w.org\/{rel}","templated":true}]}}