{"id":87383,"date":"2021-02-09T11:32:03","date_gmt":"2021-02-09T14:32:03","guid":{"rendered":"https:\/\/eldiariodesanpedro.com.ar\/sitio\/?p=87383"},"modified":"2021-02-09T11:32:04","modified_gmt":"2021-02-09T14:32:04","slug":"en-una-estafa-telefonica-le-vaciaron-la-cuenta-bancaria","status":"publish","type":"post","link":"https:\/\/eldiariodesanpedro.com.ar\/sitio\/en-una-estafa-telefonica-le-vaciaron-la-cuenta-bancaria\/","title":{"rendered":"En una estafa telef\u00f3nica le vaciaron la cuenta bancaria"},"content":{"rendered":"<!-- VideographyWP Plugin Message: Automatic video embedding prevented by plugin options. -->\n\n<p>Como viene ocurriendo en nuestra ciudad contin\u00faan las estafas telef\u00f3nicas o v\u00eda internet donde roban a personas en sus cuentas bancarias.<\/p>\n\n\n\n<p>En esta ocasi\u00f3n le ocurri\u00f3 a un ciudadano de 45 a\u00f1os de edad que realiz\u00f3 la denuncia en el dia de ayer en la comisar\u00eda local donde inform\u00f3 que recibi\u00f3 una llamada telef\u00f3nica por parte de un masculino que refer\u00eda pertenecer a una empresa crediticia y que le ofrec\u00eda un pr\u00e9stamo de dinero, por lo que le solicit\u00f3 n\u00fameros de cuenta de su banco entre otros datos para depositar el correspondiente dinero. Horas m\u00e1s tarde el denunciante se cerciora que no solo no recibi\u00f3 el dinero acordado sino que los delincuentes hab\u00edan vaciado su cuenta.<\/p>\n\n\n\n<p>Recordemos que esta \u00faltima semana varios vecinos realizaron la denuncia de este tipo de estafas donde se hacen pasar por personal de Anses, de Recursos Humanos o similar donde solicitan datos bancarios para poder realizar la estafa, por lo que recordamos que la mayor\u00eda de las entidades no solicitan esta informaci\u00f3n telef\u00f3nicamente.<\/p>\n","protected":false},"excerpt":{"rendered":"<p>Como viene ocurriendo en nuestra ciudad contin\u00faan las estafas telef\u00f3nicas o v\u00eda internet donde roban a personas en sus cuentas bancarias. En esta ocasi\u00f3n le ocurri\u00f3 a un ciudadano de 45 a\u00f1os de edad que realiz\u00f3 la denuncia en el dia de ayer en la comisar\u00eda local donde inform\u00f3 que recibi\u00f3 una llamada telef\u00f3nica por [&hellip;]<\/p>\n","protected":false},"author":4,"featured_media":87384,"comment_status":"open","ping_status":"closed","sticky":false,"template":"","format":"standard","meta":{"om_disable_all_campaigns":false,"_jetpack_memberships_contains_paid_content":false,"footnotes":""},"categories":[2,103],"tags":[],"class_list":["post-87383","post","type-post","status-publish","format-standard","has-post-thumbnail","hentry","category-locales","category-policiales-locales"],"aioseo_notices":[],"gutentor_comment":0,"jetpack_featured_media_url":"https:\/\/eldiariodesanpedro.com.ar\/sitio\/wp-content\/uploads\/2021\/02\/resize_1533127291.jpg","jetpack_shortlink":"https:\/\/wp.me\/p6RhLt-mJp","jetpack_sharing_enabled":true,"_links":{"self":[{"href":"https:\/\/eldiariodesanpedro.com.ar\/sitio\/wp-json\/wp\/v2\/posts\/87383","targetHints":{"allow":["GET"]}}],"collection":[{"href":"https:\/\/eldiariodesanpedro.com.ar\/sitio\/wp-json\/wp\/v2\/posts"}],"about":[{"href":"https:\/\/eldiariodesanpedro.com.ar\/sitio\/wp-json\/wp\/v2\/types\/post"}],"author":[{"embeddable":true,"href":"https:\/\/eldiariodesanpedro.com.ar\/sitio\/wp-json\/wp\/v2\/users\/4"}],"replies":[{"embeddable":true,"href":"https:\/\/eldiariodesanpedro.com.ar\/sitio\/wp-json\/wp\/v2\/comments?post=87383"}],"version-history":[{"count":1,"href":"https:\/\/eldiariodesanpedro.com.ar\/sitio\/wp-json\/wp\/v2\/posts\/87383\/revisions"}],"predecessor-version":[{"id":87385,"href":"https:\/\/eldiariodesanpedro.com.ar\/sitio\/wp-json\/wp\/v2\/posts\/87383\/revisions\/87385"}],"wp:featuredmedia":[{"embeddable":true,"href":"https:\/\/eldiariodesanpedro.com.ar\/sitio\/wp-json\/wp\/v2\/media\/87384"}],"wp:attachment":[{"href":"https:\/\/eldiariodesanpedro.com.ar\/sitio\/wp-json\/wp\/v2\/media?parent=87383"}],"wp:term":[{"taxonomy":"category","embeddable":true,"href":"https:\/\/eldiariodesanpedro.com.ar\/sitio\/wp-json\/wp\/v2\/categories?post=87383"},{"taxonomy":"post_tag","embeddable":true,"href":"https:\/\/eldiariodesanpedro.com.ar\/sitio\/wp-json\/wp\/v2\/tags?post=87383"}],"curies":[{"name":"wp","href":"https:\/\/api.w.org\/{rel}","templated":true}]}}