{"id":87380,"date":"2021-02-09T11:20:45","date_gmt":"2021-02-09T14:20:45","guid":{"rendered":"https:\/\/eldiariodesanpedro.com.ar\/sitio\/?p=87380"},"modified":"2021-02-09T11:20:46","modified_gmt":"2021-02-09T14:20:46","slug":"el-pro-organiza-una-manifestacion-de-aula-abierta-esta-tarde-para-pedir-la-vuelta-a-clases","status":"publish","type":"post","link":"https:\/\/eldiariodesanpedro.com.ar\/sitio\/el-pro-organiza-una-manifestacion-de-aula-abierta-esta-tarde-para-pedir-la-vuelta-a-clases\/","title":{"rendered":"El PRO organiza una manifestaci\u00f3n de \u00abaula abierta\u00bb esta tarde para pedir la vuelta a clases"},"content":{"rendered":"<!-- VideographyWP Plugin Message: Automatic video embedding prevented by plugin options. -->\n\n<p>Este martes el PRO junto a otros partidos pol\u00edticos realizaran una manifestaci\u00f3n en la plaza Constituci\u00f3n para pedir que las clases comiencen con normalidad.<\/p>\n\n\n\n<p>En el d\u00eda de hoy a las 18 hs se realizara una \u00abaula abierta\u00bb en la Plaza Constituci\u00f3n donde estar\u00e1n presentes varios referentes de Juntos por el Cambio local para solicitar la vuelta a clases con presencialidad.<\/p>\n\n\n\n<p>Esta manifestaci\u00f3n se realizara en todo el pa\u00eds y su concentraci\u00f3n principal se realizara frente al Palacio Pizzurno sede del Ministerio de Educaci\u00f3n de la Naci\u00f3n con la presencia de Patricia Bulrich, Hern\u00e1n Lombardi y otros dirigentes.\u00a0<\/p>\n\n\n\n<p>La manifestaci\u00f3n se produce despu\u00e9s de que el gobierno de la provincia de Buenos Aires estableciera de forma oficial la actividad presencial en las escuelas.\u00a0<\/p>\n","protected":false},"excerpt":{"rendered":"<p>Este martes el PRO junto a otros partidos pol\u00edticos realizaran una manifestaci\u00f3n en la plaza Constituci\u00f3n para pedir que las clases comiencen con normalidad. En el d\u00eda de hoy a las 18 hs se realizara una \u00abaula abierta\u00bb en la Plaza Constituci\u00f3n donde estar\u00e1n presentes varios referentes de Juntos por el Cambio local para solicitar [&hellip;]<\/p>\n","protected":false},"author":4,"featured_media":87381,"comment_status":"open","ping_status":"closed","sticky":false,"template":"","format":"standard","meta":{"om_disable_all_campaigns":false,"_jetpack_memberships_contains_paid_content":false,"footnotes":""},"categories":[50,101,2],"tags":[],"class_list":["post-87380","post","type-post","status-publish","format-standard","has-post-thumbnail","hentry","category-destacadas","category-interes-general-locales","category-locales"],"aioseo_notices":[],"gutentor_comment":0,"jetpack_featured_media_url":"https:\/\/eldiariodesanpedro.com.ar\/sitio\/wp-content\/uploads\/2021\/02\/Clase-abierta-pro.jpg","jetpack_shortlink":"https:\/\/wp.me\/p6RhLt-mJm","jetpack_sharing_enabled":true,"_links":{"self":[{"href":"https:\/\/eldiariodesanpedro.com.ar\/sitio\/wp-json\/wp\/v2\/posts\/87380","targetHints":{"allow":["GET"]}}],"collection":[{"href":"https:\/\/eldiariodesanpedro.com.ar\/sitio\/wp-json\/wp\/v2\/posts"}],"about":[{"href":"https:\/\/eldiariodesanpedro.com.ar\/sitio\/wp-json\/wp\/v2\/types\/post"}],"author":[{"embeddable":true,"href":"https:\/\/eldiariodesanpedro.com.ar\/sitio\/wp-json\/wp\/v2\/users\/4"}],"replies":[{"embeddable":true,"href":"https:\/\/eldiariodesanpedro.com.ar\/sitio\/wp-json\/wp\/v2\/comments?post=87380"}],"version-history":[{"count":1,"href":"https:\/\/eldiariodesanpedro.com.ar\/sitio\/wp-json\/wp\/v2\/posts\/87380\/revisions"}],"predecessor-version":[{"id":87382,"href":"https:\/\/eldiariodesanpedro.com.ar\/sitio\/wp-json\/wp\/v2\/posts\/87380\/revisions\/87382"}],"wp:featuredmedia":[{"embeddable":true,"href":"https:\/\/eldiariodesanpedro.com.ar\/sitio\/wp-json\/wp\/v2\/media\/87381"}],"wp:attachment":[{"href":"https:\/\/eldiariodesanpedro.com.ar\/sitio\/wp-json\/wp\/v2\/media?parent=87380"}],"wp:term":[{"taxonomy":"category","embeddable":true,"href":"https:\/\/eldiariodesanpedro.com.ar\/sitio\/wp-json\/wp\/v2\/categories?post=87380"},{"taxonomy":"post_tag","embeddable":true,"href":"https:\/\/eldiariodesanpedro.com.ar\/sitio\/wp-json\/wp\/v2\/tags?post=87380"}],"curies":[{"name":"wp","href":"https:\/\/api.w.org\/{rel}","templated":true}]}}