{"id":87376,"date":"2021-02-09T10:59:39","date_gmt":"2021-02-09T13:59:39","guid":{"rendered":"https:\/\/eldiariodesanpedro.com.ar\/sitio\/?p=87376"},"modified":"2021-02-09T10:59:44","modified_gmt":"2021-02-09T13:59:44","slug":"dos-personas-aprehendidas-por-estupefacientes","status":"publish","type":"post","link":"https:\/\/eldiariodesanpedro.com.ar\/sitio\/dos-personas-aprehendidas-por-estupefacientes\/","title":{"rendered":"Dos personas aprehendidas por estupefacientes"},"content":{"rendered":"<!-- VideographyWP Plugin Message: Automatic video embedding prevented by plugin options. -->\n\n<p>La polic\u00eda de la comisar\u00eda local realiz\u00f3 la aprehensi\u00f3n de dos personas que se encontraban en la v\u00eda p\u00fablica con peque\u00f1as cantidades de estupefacientes.<\/p>\n\n\n\n<p>En horas de la ma\u00f1ana el personal de la comisar\u00eda local en calle Brenan esquina Cruz Roja aprehenden a masculino de 26 a\u00f1os, secuestrando en su poder envoltorio nylon \u201cbagullo\u201d sustancia ilegal simil marihuana.<\/p>\n\n\n\n<p>Tambi\u00e9n en horas de la tarde en calle Bottaro y Boulevard Moreno aprehenden a masculino de 24 a\u00f1os, secuestrando en su poder cigarro semi combustionado \u201cfaso\u201d sustancia ilegal simil marihuana.<\/p>\n\n\n\n<p>Ambos casos los j\u00f3venes trasladados a la comisar\u00eda local donde fueron informados de la imputaci\u00f3n y posterior libertad.<\/p>\n","protected":false},"excerpt":{"rendered":"<p>La polic\u00eda de la comisar\u00eda local realiz\u00f3 la aprehensi\u00f3n de dos personas que se encontraban en la v\u00eda p\u00fablica con peque\u00f1as cantidades de estupefacientes. En horas de la ma\u00f1ana el personal de la comisar\u00eda local en calle Brenan esquina Cruz Roja aprehenden a masculino de 26 a\u00f1os, secuestrando en su poder envoltorio nylon \u201cbagullo\u201d sustancia [&hellip;]<\/p>\n","protected":false},"author":4,"featured_media":70421,"comment_status":"open","ping_status":"closed","sticky":false,"template":"","format":"standard","meta":{"om_disable_all_campaigns":false,"_jetpack_memberships_contains_paid_content":false,"footnotes":""},"categories":[2,103],"tags":[],"class_list":["post-87376","post","type-post","status-publish","format-standard","has-post-thumbnail","hentry","category-locales","category-policiales-locales"],"aioseo_notices":[],"gutentor_comment":0,"jetpack_featured_media_url":"https:\/\/eldiariodesanpedro.com.ar\/sitio\/wp-content\/uploads\/2020\/03\/esposas-detenido-1.jpg","jetpack_shortlink":"https:\/\/wp.me\/p6RhLt-mJi","jetpack_sharing_enabled":true,"_links":{"self":[{"href":"https:\/\/eldiariodesanpedro.com.ar\/sitio\/wp-json\/wp\/v2\/posts\/87376","targetHints":{"allow":["GET"]}}],"collection":[{"href":"https:\/\/eldiariodesanpedro.com.ar\/sitio\/wp-json\/wp\/v2\/posts"}],"about":[{"href":"https:\/\/eldiariodesanpedro.com.ar\/sitio\/wp-json\/wp\/v2\/types\/post"}],"author":[{"embeddable":true,"href":"https:\/\/eldiariodesanpedro.com.ar\/sitio\/wp-json\/wp\/v2\/users\/4"}],"replies":[{"embeddable":true,"href":"https:\/\/eldiariodesanpedro.com.ar\/sitio\/wp-json\/wp\/v2\/comments?post=87376"}],"version-history":[{"count":1,"href":"https:\/\/eldiariodesanpedro.com.ar\/sitio\/wp-json\/wp\/v2\/posts\/87376\/revisions"}],"predecessor-version":[{"id":87377,"href":"https:\/\/eldiariodesanpedro.com.ar\/sitio\/wp-json\/wp\/v2\/posts\/87376\/revisions\/87377"}],"wp:featuredmedia":[{"embeddable":true,"href":"https:\/\/eldiariodesanpedro.com.ar\/sitio\/wp-json\/wp\/v2\/media\/70421"}],"wp:attachment":[{"href":"https:\/\/eldiariodesanpedro.com.ar\/sitio\/wp-json\/wp\/v2\/media?parent=87376"}],"wp:term":[{"taxonomy":"category","embeddable":true,"href":"https:\/\/eldiariodesanpedro.com.ar\/sitio\/wp-json\/wp\/v2\/categories?post=87376"},{"taxonomy":"post_tag","embeddable":true,"href":"https:\/\/eldiariodesanpedro.com.ar\/sitio\/wp-json\/wp\/v2\/tags?post=87376"}],"curies":[{"name":"wp","href":"https:\/\/api.w.org\/{rel}","templated":true}]}}