{"id":87373,"date":"2021-02-09T10:48:31","date_gmt":"2021-02-09T13:48:31","guid":{"rendered":"https:\/\/eldiariodesanpedro.com.ar\/sitio\/?p=87373"},"modified":"2021-02-09T10:48:33","modified_gmt":"2021-02-09T13:48:33","slug":"rojas-una-joven-fue-asesinada-y-hubo-incidentes-frente-a-la-comisaria","status":"publish","type":"post","link":"https:\/\/eldiariodesanpedro.com.ar\/sitio\/rojas-una-joven-fue-asesinada-y-hubo-incidentes-frente-a-la-comisaria\/","title":{"rendered":"ROJAS | Una joven fue asesinada y hubo incidentes frente a la Comisar\u00eda"},"content":{"rendered":"<!-- VideographyWP Plugin Message: Automatic video embedding prevented by plugin options. -->\n\n<p>Una multitud se dio cita frente a la Comisar\u00eda de la ciudad de Rojas, donde se encontraba prestando declaraci\u00f3n ante el Fiscal la progenitora de la joven que fuera asesinada en el atardecer de este lunes, seg\u00fan trascendidos con un corte en el cuello.<\/p>\n\n\n\n<p>La joven brutalmente ultimada fue identificada como Ursula Bahillo, de 18 a\u00f1os de edad. Quien est\u00e1 sindicado como autor, un efectivo policial, habr\u00eda intentado quitarse la vida. Se tratar\u00eda de Mat\u00edas Ezequiel Mart\u00ednez, de 25, integrante de la Polic\u00eda Bonaerense.<\/p>\n\n\n\n<p>La madre de la v\u00edctima habl\u00f3 brevemente frente a la multitud y acus\u00f3 de inacci\u00f3n a la polic\u00eda colonense y a los integrantes de la Comisar\u00eda de la Mujer.<\/p>\n\n\n\n<p>Aparentemente, el homicida habr\u00eda tenido una orden de restricci\u00f3n que no cumpl\u00eda y las fuerzas policiales habr\u00edan hecho caso omiso a las denuncias por desobediencia formuladas por la v\u00edctima y su familia.<\/p>\n\n\n\n<p>Esta medianoche se viv\u00eda una tensa situaci\u00f3n frente a la Comisar\u00eda de esa ciudad, con constantes aplausos de la gente y gritos con pedidos de justicia.<\/p>\n\n\n\n<p>A cada momento se percibe la exacerbaci\u00f3n de los \u00e1nimos de la multitud que ya supera largamente las 200 personas, con insultos de grueso calibre hacia los efectivos policiales.<\/p>\n\n\n\n<p>Desde las comisarias de la zona enviaron personal de apoyo hacia la ciudad de Rojas, ante la eventualidad de desbordes.<\/p>\n\n\n\n<p>Ante la creciente violencia popular, los efectivos iniciaron un movimiento de dispersi\u00f3n, que sin duda ha generado mayor indignaci\u00f3n y hay apedreo contra el edificio policial. Los efectivos han repelido con postas de goma al aire.<\/p>\n\n\n\n<p>Si bien el frente de la comisar\u00eda qued\u00f3 libre de gente, desde las esquinas y las cercan\u00edas siguen arrojando gran cantidad de piedras. Hay celos\u00edas de ventanas rotas y algunos vidrios. La polic\u00eda, a las 12.16, comenz\u00f3 a arrojar gases lacrim\u00f3genos.<\/p>\n\n\n\n<p>En la red social Twitter, la joven asesinada habr\u00eda volcado su angustia y su miedo ante las constantes amenazas que dec\u00eda recibir de quien hab\u00eda sido su pareja.<\/p>\n\n\n\n<p>El crimen habr\u00eda sido cometido en un camino rural que une Rojas con Guido Spano, donde la joven habr\u00eda sido conducida con enga\u00f1os por quien despu\u00e9s, seg\u00fan se cree, la asesin\u00f3.<\/p>\n\n\n\n<p>Fuente: <a href=\"https:\/\/arrecifesnoticias.com\/nacionales\/una-joven-fue-asesinada-en-rojas-y-hay-incidentes-frente-a-la-comisaria\/\">Arrecifes Noticias<\/a><\/p>\n","protected":false},"excerpt":{"rendered":"<p>Una multitud se dio cita frente a la Comisar\u00eda de la ciudad de Rojas, donde se encontraba prestando declaraci\u00f3n ante el Fiscal la progenitora de la joven que fuera asesinada en el atardecer de este lunes, seg\u00fan trascendidos con un corte en el cuello. La joven brutalmente ultimada fue identificada como Ursula Bahillo, de 18 [&hellip;]<\/p>\n","protected":false},"author":4,"featured_media":87374,"comment_status":"open","ping_status":"closed","sticky":false,"template":"","format":"standard","meta":{"om_disable_all_campaigns":false,"_jetpack_memberships_contains_paid_content":false,"footnotes":""},"categories":[621],"tags":[],"class_list":["post-87373","post","type-post","status-publish","format-standard","has-post-thumbnail","hentry","category-regionales"],"aioseo_notices":[],"gutentor_comment":0,"jetpack_featured_media_url":"https:\/\/eldiariodesanpedro.com.ar\/sitio\/wp-content\/uploads\/2021\/02\/Rojas-crimen-0-750x510-1.jpg","jetpack_shortlink":"https:\/\/wp.me\/p6RhLt-mJf","jetpack_sharing_enabled":true,"_links":{"self":[{"href":"https:\/\/eldiariodesanpedro.com.ar\/sitio\/wp-json\/wp\/v2\/posts\/87373","targetHints":{"allow":["GET"]}}],"collection":[{"href":"https:\/\/eldiariodesanpedro.com.ar\/sitio\/wp-json\/wp\/v2\/posts"}],"about":[{"href":"https:\/\/eldiariodesanpedro.com.ar\/sitio\/wp-json\/wp\/v2\/types\/post"}],"author":[{"embeddable":true,"href":"https:\/\/eldiariodesanpedro.com.ar\/sitio\/wp-json\/wp\/v2\/users\/4"}],"replies":[{"embeddable":true,"href":"https:\/\/eldiariodesanpedro.com.ar\/sitio\/wp-json\/wp\/v2\/comments?post=87373"}],"version-history":[{"count":1,"href":"https:\/\/eldiariodesanpedro.com.ar\/sitio\/wp-json\/wp\/v2\/posts\/87373\/revisions"}],"predecessor-version":[{"id":87375,"href":"https:\/\/eldiariodesanpedro.com.ar\/sitio\/wp-json\/wp\/v2\/posts\/87373\/revisions\/87375"}],"wp:featuredmedia":[{"embeddable":true,"href":"https:\/\/eldiariodesanpedro.com.ar\/sitio\/wp-json\/wp\/v2\/media\/87374"}],"wp:attachment":[{"href":"https:\/\/eldiariodesanpedro.com.ar\/sitio\/wp-json\/wp\/v2\/media?parent=87373"}],"wp:term":[{"taxonomy":"category","embeddable":true,"href":"https:\/\/eldiariodesanpedro.com.ar\/sitio\/wp-json\/wp\/v2\/categories?post=87373"},{"taxonomy":"post_tag","embeddable":true,"href":"https:\/\/eldiariodesanpedro.com.ar\/sitio\/wp-json\/wp\/v2\/tags?post=87373"}],"curies":[{"name":"wp","href":"https:\/\/api.w.org\/{rel}","templated":true}]}}