{"id":87370,"date":"2021-02-09T10:42:13","date_gmt":"2021-02-09T13:42:13","guid":{"rendered":"https:\/\/eldiariodesanpedro.com.ar\/sitio\/?p=87370"},"modified":"2021-02-09T10:42:17","modified_gmt":"2021-02-09T13:42:17","slug":"la-provincia-de-buenos-aires-supero-las-25-mil-muertes-por-coronavirus","status":"publish","type":"post","link":"https:\/\/eldiariodesanpedro.com.ar\/sitio\/la-provincia-de-buenos-aires-supero-las-25-mil-muertes-por-coronavirus\/","title":{"rendered":"La provincia de Buenos Aires super\u00f3 las 25 mil muertes por coronavirus"},"content":{"rendered":"<!-- VideographyWP Plugin Message: Automatic video embedding prevented by plugin options. -->\n\n<p>La provincia de Buenos Aires super\u00f3 este lunes los 25 mil muertos de coronavirus, luego de que el ministerio de Salud de la Naci\u00f3n informara en su \u00faltimo reporte la existencia de 108 v\u00edctimas fatales en el territorio bonaerense.<\/p>\n\n\n\n<p>Con los decesos de las \u00faltimas 24 horas, la provincia lleg\u00f3 a las 25.106 muertes por coronavirus desde el comienzo de la pandemia. En tanto, con 2.095 contagios ya cuenta con 828.756 positivos.<\/p>\n\n\n\n<p>A nivel nacional, el Ministerio de Salud confirm\u00f3 5.154 casos de coronavirus y 227 muertes en las \u00faltimas 24 horas, con lo que la cifra total de contagios asciende a 1.985.501 y la de v\u00edctimas fatales a 49.398.<\/p>\n\n\n\n<p>De los 1.985.501 positivos en el pa\u00eds, 1.786.178 son pacientes recuperados y 149.925 son casos confirmados activos.<\/p>\n\n\n\n<p>Respecto de los casos del d\u00eda, adem\u00e1s de los 2.095 registrados en la provincia de Buenos Aires se registraron 699 en Capital Federal. Tambi\u00e9n se informaron casos en Santa Fe (297), Neuqu\u00e9n (272), Chubut (238), R\u00edo Negro (213), C\u00f3rdoba (198), Catamarca (133), Santa Cruz (133), Mendoza (118), Tucum\u00e1n (107), La Pampa (103), Tierra del Fuego (93), Corrientes (82), Entre R\u00edos (70), Chaco (64), Santiago del Estero (59), Misiones (56), San Juan (48), Jujuy (27), Salta (26), La Rioja (10), Formosa (7) y San Luis (6).<\/p>\n\n\n\n<p>En cuando a las v\u00edctimas fatales, hubo 32 v\u00edctimas en Santa Fe, 27 en la Ciudad de Buenos Aires, 12 en Chaco, 8 en Entre R\u00edos, 5 en La Pampa, 4 en Chubut, Santiago del Estero, C\u00f3rdoba y R\u00edo Negro, 3 en Mendoza, 2 en Tierra del Fuego, Corrientes y Misiones, y 1 en La Rioja, Neuqu\u00e9n y Santa Cruz.<\/p>\n\n\n\n<p>En tanto, fueron realizados 30.651 testeos y desde el inicio del brote se realizaron 6.538.865 pruebas diagn\u00f3sticas para esta enfermedad, lo que equivale a 144.101 muestras por mill\u00f3n de habitantes.<\/p>\n\n\n\n<p>Finalmente, 3.526 pacientes de coronavirus est\u00e1n internados en terapia intensiva, lo que significa el 54,5% del total. En el AMBA, en tanto, esa cifra asciende al 60,2%. (DIB)&nbsp;JG<\/p>\n","protected":false},"excerpt":{"rendered":"<p>La provincia de Buenos Aires super\u00f3 este lunes los 25 mil muertos de coronavirus, luego de que el ministerio de Salud de la Naci\u00f3n informara en su \u00faltimo reporte la existencia de 108 v\u00edctimas fatales en el territorio bonaerense. Con los decesos de las \u00faltimas 24 horas, la provincia lleg\u00f3 a las 25.106 muertes por [&hellip;]<\/p>\n","protected":false},"author":4,"featured_media":87371,"comment_status":"open","ping_status":"closed","sticky":false,"template":"","format":"standard","meta":{"om_disable_all_campaigns":false,"_jetpack_memberships_contains_paid_content":false,"footnotes":""},"categories":[621],"tags":[],"class_list":["post-87370","post","type-post","status-publish","format-standard","has-post-thumbnail","hentry","category-regionales"],"aioseo_notices":[],"gutentor_comment":0,"jetpack_featured_media_url":"https:\/\/eldiariodesanpedro.com.ar\/sitio\/wp-content\/uploads\/2021\/02\/corona-22523.jpg","jetpack_shortlink":"https:\/\/wp.me\/p6RhLt-mJc","jetpack_sharing_enabled":true,"_links":{"self":[{"href":"https:\/\/eldiariodesanpedro.com.ar\/sitio\/wp-json\/wp\/v2\/posts\/87370","targetHints":{"allow":["GET"]}}],"collection":[{"href":"https:\/\/eldiariodesanpedro.com.ar\/sitio\/wp-json\/wp\/v2\/posts"}],"about":[{"href":"https:\/\/eldiariodesanpedro.com.ar\/sitio\/wp-json\/wp\/v2\/types\/post"}],"author":[{"embeddable":true,"href":"https:\/\/eldiariodesanpedro.com.ar\/sitio\/wp-json\/wp\/v2\/users\/4"}],"replies":[{"embeddable":true,"href":"https:\/\/eldiariodesanpedro.com.ar\/sitio\/wp-json\/wp\/v2\/comments?post=87370"}],"version-history":[{"count":1,"href":"https:\/\/eldiariodesanpedro.com.ar\/sitio\/wp-json\/wp\/v2\/posts\/87370\/revisions"}],"predecessor-version":[{"id":87372,"href":"https:\/\/eldiariodesanpedro.com.ar\/sitio\/wp-json\/wp\/v2\/posts\/87370\/revisions\/87372"}],"wp:featuredmedia":[{"embeddable":true,"href":"https:\/\/eldiariodesanpedro.com.ar\/sitio\/wp-json\/wp\/v2\/media\/87371"}],"wp:attachment":[{"href":"https:\/\/eldiariodesanpedro.com.ar\/sitio\/wp-json\/wp\/v2\/media?parent=87370"}],"wp:term":[{"taxonomy":"category","embeddable":true,"href":"https:\/\/eldiariodesanpedro.com.ar\/sitio\/wp-json\/wp\/v2\/categories?post=87370"},{"taxonomy":"post_tag","embeddable":true,"href":"https:\/\/eldiariodesanpedro.com.ar\/sitio\/wp-json\/wp\/v2\/tags?post=87370"}],"curies":[{"name":"wp","href":"https:\/\/api.w.org\/{rel}","templated":true}]}}