{"id":87364,"date":"2021-02-09T10:35:25","date_gmt":"2021-02-09T13:35:25","guid":{"rendered":"https:\/\/eldiariodesanpedro.com.ar\/sitio\/?p=87364"},"modified":"2021-02-09T10:35:28","modified_gmt":"2021-02-09T13:35:28","slug":"campana-un-conflicto-vecinal-termino-con-una-camioneta-incendiada","status":"publish","type":"post","link":"https:\/\/eldiariodesanpedro.com.ar\/sitio\/campana-un-conflicto-vecinal-termino-con-una-camioneta-incendiada\/","title":{"rendered":"CAMPANA | Un conflicto vecinal termin\u00f3 con una camioneta incendiada"},"content":{"rendered":"<!-- VideographyWP Plugin Message: Automatic video embedding prevented by plugin options. -->\n\n<p>Ocurri\u00f3 este mediod\u00eda en la zona de Maggio y Saut\u00f3n y hubo un gran despliegue policial para evitar una escalada en la confrontaci\u00f3n. Se logr\u00f3 secuestrar una escopeta calibre 16.\u00a0<\/p>\n\n\n\n<p>l barrio La Josefa vivi\u00f3 horas de tensi\u00f3n por un conflicto vecinal que termin\u00f3 con el incendio de una camioneta.&nbsp;<\/p>\n\n\n\n<p>Si bien se desconocen los motivos que desencadenaron los hechos, todo sucedi\u00f3 pasado el mediod\u00eda de hoy en la zona de Maggio y Saut\u00f3n y, por la violencia desatada entre una decena de personas, hubo un gran despliegue policial.<\/p>\n\n\n\n<p>Los efectivos&nbsp; lograron incautar en el lugar una escopeta marca Centauro, calibre 16, que fue entregada en forma voluntaria por su due\u00f1o.&nbsp;<\/p>\n\n\n\n<p>Tambi\u00e9n se hizo presente personal de Polic\u00eda Cient\u00edfica y Bomberos Voluntarios de la delegaci\u00f3n San Isidro.<\/p>\n\n\n\n<p>Fuente: <a href=\"https:\/\/www.campananoticias.com\/noticia\/65875\/un-conflicto-vecinal-termin-con-una-camioneta-incendiada-\">Campana Noticias<\/a><\/p>\n","protected":false},"excerpt":{"rendered":"<p>Ocurri\u00f3 este mediod\u00eda en la zona de Maggio y Saut\u00f3n y hubo un gran despliegue policial para evitar una escalada en la confrontaci\u00f3n. Se logr\u00f3 secuestrar una escopeta calibre 16.\u00a0 l barrio La Josefa vivi\u00f3 horas de tensi\u00f3n por un conflicto vecinal que termin\u00f3 con el incendio de una camioneta.&nbsp; Si bien se desconocen los [&hellip;]<\/p>\n","protected":false},"author":4,"featured_media":87365,"comment_status":"open","ping_status":"closed","sticky":false,"template":"","format":"standard","meta":{"om_disable_all_campaigns":false,"_jetpack_memberships_contains_paid_content":false,"footnotes":""},"categories":[621],"tags":[],"class_list":["post-87364","post","type-post","status-publish","format-standard","has-post-thumbnail","hentry","category-regionales"],"aioseo_notices":[],"gutentor_comment":0,"jetpack_featured_media_url":"https:\/\/eldiariodesanpedro.com.ar\/sitio\/wp-content\/uploads\/2021\/02\/20210208013442.jpg","jetpack_shortlink":"https:\/\/wp.me\/p6RhLt-mJ6","jetpack_sharing_enabled":true,"_links":{"self":[{"href":"https:\/\/eldiariodesanpedro.com.ar\/sitio\/wp-json\/wp\/v2\/posts\/87364","targetHints":{"allow":["GET"]}}],"collection":[{"href":"https:\/\/eldiariodesanpedro.com.ar\/sitio\/wp-json\/wp\/v2\/posts"}],"about":[{"href":"https:\/\/eldiariodesanpedro.com.ar\/sitio\/wp-json\/wp\/v2\/types\/post"}],"author":[{"embeddable":true,"href":"https:\/\/eldiariodesanpedro.com.ar\/sitio\/wp-json\/wp\/v2\/users\/4"}],"replies":[{"embeddable":true,"href":"https:\/\/eldiariodesanpedro.com.ar\/sitio\/wp-json\/wp\/v2\/comments?post=87364"}],"version-history":[{"count":1,"href":"https:\/\/eldiariodesanpedro.com.ar\/sitio\/wp-json\/wp\/v2\/posts\/87364\/revisions"}],"predecessor-version":[{"id":87366,"href":"https:\/\/eldiariodesanpedro.com.ar\/sitio\/wp-json\/wp\/v2\/posts\/87364\/revisions\/87366"}],"wp:featuredmedia":[{"embeddable":true,"href":"https:\/\/eldiariodesanpedro.com.ar\/sitio\/wp-json\/wp\/v2\/media\/87365"}],"wp:attachment":[{"href":"https:\/\/eldiariodesanpedro.com.ar\/sitio\/wp-json\/wp\/v2\/media?parent=87364"}],"wp:term":[{"taxonomy":"category","embeddable":true,"href":"https:\/\/eldiariodesanpedro.com.ar\/sitio\/wp-json\/wp\/v2\/categories?post=87364"},{"taxonomy":"post_tag","embeddable":true,"href":"https:\/\/eldiariodesanpedro.com.ar\/sitio\/wp-json\/wp\/v2\/tags?post=87364"}],"curies":[{"name":"wp","href":"https:\/\/api.w.org\/{rel}","templated":true}]}}