{"id":87361,"date":"2021-02-09T10:31:25","date_gmt":"2021-02-09T13:31:25","guid":{"rendered":"https:\/\/eldiariodesanpedro.com.ar\/sitio\/?p=87361"},"modified":"2021-02-09T10:31:26","modified_gmt":"2021-02-09T13:31:26","slug":"san-nicolas-la-ciudad-ya-tiene-su-casa-de-abrigo","status":"publish","type":"post","link":"https:\/\/eldiariodesanpedro.com.ar\/sitio\/san-nicolas-la-ciudad-ya-tiene-su-casa-de-abrigo\/","title":{"rendered":"SAN NICOL\u00c1S | La ciudad ya tiene su Casa de Abrigo"},"content":{"rendered":"<!-- VideographyWP Plugin Message: Automatic video embedding prevented by plugin options. -->\n\n<p>Bajo la coordinaci\u00f3n del Padre Dami\u00e1n Vidano comenz\u00f3 a funcionar este lunes en San Nicol\u00e1s la \u201cCasa Abrigo\u201d. La misma se encuentra a disposici\u00f3n de todas las mujeres que sufran situaciones de violencia dentro de sus familias y temporalmente necesitan un lugar en el cual alojarse, muchas veces con sus hijos.<br><br>Las personas v\u00edctimas de violencia que ingresan en la \u00abCasa de Abrigo\u00bb recibir\u00e1n asistencia del equipo interdisciplinario. Esta pol\u00edtica p\u00fablica est\u00e1 destinada a que la asistencia sea temporaria y sujeta a medidas precautorias por oficio judicial, como la posibilidad de brindar un bot\u00f3n antip\u00e1nico, restricci\u00f3n de acercamiento, restituci\u00f3n de pertenencias o la exclusi\u00f3n del hogar del agresor entre otras medidas posibles.<br><br>Recordemos que aquellas mujeres que sufran situaciones de violencia dentro del entorno familiar, deber\u00e1n acercarse a la Comisar\u00eda de la Mujer ubicada en Rivadavia 848 o comunicarse a trav\u00e9s del tel\u00e9fono 4439480 las 24 horas, los 365 d\u00edas del a\u00f1o. Tambi\u00e9n existe una l\u00ednea telef\u00f3nica denominada \u201cGuardia de G\u00e9nero\u201d, donde denunciar los hechos al 3364 34-2905.<br><br>Una vez radicada la denuncia el equipo de del \u00c1rea de G\u00e9nero municipal evaluar\u00e1 los riesgos y determinar\u00e1 si da ingreso a la \u00abCasa Abrigo\u00bb o se buscan otras alternativas, que como en muchos casos sucede, amigos o familiares cercanos ofrecen la contenci\u00f3n que esa mujer necesita.<br><br>Vale destacar que este esquema de trabajo, se encuentra dentro de una serie de proyectos que se vienen elaborando en conjunto desde fines de 2020 y de manera coordinada entre todos los sectores involucrados, para dar respuestas reales a la problem\u00e1tica de la violencia de g\u00e9nero.<\/p>\n\n\n\n<p>Fuente: <a href=\"http:\/\/www.diarioelinformante.com.ar\/nota-60606_san-nicols-ya-tiene-su-casa-de-abrigo#\">Diario El Informante<\/a><\/p>\n","protected":false},"excerpt":{"rendered":"<p>Bajo la coordinaci\u00f3n del Padre Dami\u00e1n Vidano comenz\u00f3 a funcionar este lunes en San Nicol\u00e1s la \u201cCasa Abrigo\u201d. La misma se encuentra a disposici\u00f3n de todas las mujeres que sufran situaciones de violencia dentro de sus familias y temporalmente necesitan un lugar en el cual alojarse, muchas veces con sus hijos. Las personas v\u00edctimas de [&hellip;]<\/p>\n","protected":false},"author":4,"featured_media":87362,"comment_status":"open","ping_status":"closed","sticky":false,"template":"","format":"standard","meta":{"om_disable_all_campaigns":false,"_jetpack_memberships_contains_paid_content":false,"footnotes":""},"categories":[621],"tags":[],"class_list":["post-87361","post","type-post","status-publish","format-standard","has-post-thumbnail","hentry","category-regionales"],"aioseo_notices":[],"gutentor_comment":0,"jetpack_featured_media_url":"https:\/\/eldiariodesanpedro.com.ar\/sitio\/wp-content\/uploads\/2021\/02\/no_xzfpay5g71rn5y5Casa_Abrigo.png","jetpack_shortlink":"https:\/\/wp.me\/p6RhLt-mJ3","jetpack_sharing_enabled":true,"_links":{"self":[{"href":"https:\/\/eldiariodesanpedro.com.ar\/sitio\/wp-json\/wp\/v2\/posts\/87361","targetHints":{"allow":["GET"]}}],"collection":[{"href":"https:\/\/eldiariodesanpedro.com.ar\/sitio\/wp-json\/wp\/v2\/posts"}],"about":[{"href":"https:\/\/eldiariodesanpedro.com.ar\/sitio\/wp-json\/wp\/v2\/types\/post"}],"author":[{"embeddable":true,"href":"https:\/\/eldiariodesanpedro.com.ar\/sitio\/wp-json\/wp\/v2\/users\/4"}],"replies":[{"embeddable":true,"href":"https:\/\/eldiariodesanpedro.com.ar\/sitio\/wp-json\/wp\/v2\/comments?post=87361"}],"version-history":[{"count":1,"href":"https:\/\/eldiariodesanpedro.com.ar\/sitio\/wp-json\/wp\/v2\/posts\/87361\/revisions"}],"predecessor-version":[{"id":87363,"href":"https:\/\/eldiariodesanpedro.com.ar\/sitio\/wp-json\/wp\/v2\/posts\/87361\/revisions\/87363"}],"wp:featuredmedia":[{"embeddable":true,"href":"https:\/\/eldiariodesanpedro.com.ar\/sitio\/wp-json\/wp\/v2\/media\/87362"}],"wp:attachment":[{"href":"https:\/\/eldiariodesanpedro.com.ar\/sitio\/wp-json\/wp\/v2\/media?parent=87361"}],"wp:term":[{"taxonomy":"category","embeddable":true,"href":"https:\/\/eldiariodesanpedro.com.ar\/sitio\/wp-json\/wp\/v2\/categories?post=87361"},{"taxonomy":"post_tag","embeddable":true,"href":"https:\/\/eldiariodesanpedro.com.ar\/sitio\/wp-json\/wp\/v2\/tags?post=87361"}],"curies":[{"name":"wp","href":"https:\/\/api.w.org\/{rel}","templated":true}]}}