{"id":87357,"date":"2021-02-08T20:27:06","date_gmt":"2021-02-08T23:27:06","guid":{"rendered":"https:\/\/eldiariodesanpedro.com.ar\/sitio\/?p=87357"},"modified":"2021-02-08T20:27:10","modified_gmt":"2021-02-08T23:27:10","slug":"en-la-jornada-de-hoy-no-se-enviaron-ni-se-recibieron-muestras-los-activos-bajan-a-109","status":"publish","type":"post","link":"https:\/\/eldiariodesanpedro.com.ar\/sitio\/en-la-jornada-de-hoy-no-se-enviaron-ni-se-recibieron-muestras-los-activos-bajan-a-109\/","title":{"rendered":"En la jornada de hoy no se enviaron ni se recibieron muestras, los activos bajan a 109"},"content":{"rendered":"<!-- VideographyWP Plugin Message: Automatic video embedding prevented by plugin options. -->\n\n<p>La Secretar\u00eda de Salud de la Municipalidad de San Pedro brinda el informe que acompa\u00f1a la placa del d\u00eda de la fecha en el seguimiento de la Pandemia de Covid-19.<\/p>\n\n\n\n<p>En las \u00faltimas 24 horas no se han recibido nuevos resultados.<\/p>\n\n\n\n<p>Nuevos positivos: Sin resultados<br>Nuevos negativos: Sin resultados<\/p>\n\n\n\n<p>Contin\u00faa la pr\u00e1ctica de hisopados a casos sospechosos en los Consultorios Amarillos y el env\u00edo programado de muestras al laboratorio de referencia.<\/p>\n\n\n\n<p>Los casos negativos y positivos confirmados ser\u00e1n actualizados en el pr\u00f3ximo informe.<\/p>\n\n\n\n<p>ALTAS<br>Se cargaron 13 altas<\/p>\n\n\n\n<p>Detalle:<br>Mujeres de 18, 27, 31, 48, 50, 68 y 74 a\u00f1os<br>Hombres de 20, 27, 30, 42, 45 y 62 a\u00f1os.<\/p>\n\n\n\n<p>Resumen actualizado de informaci\u00f3n oficial<br>Positivos desde el inicio de la Pandemia: 2204<br>Activos: 109<br>Recuperados: 2021<br>Fallecidos: 74<br>Negativos desde el inicio de la Pandemia: 3180<br>Los datos consignados en este informe corresponden a ex\u00e1menes realizados por PCR.<\/p>\n\n\n\n<p>&#x1f449; Usar tapabocas.<br>&#x1f449; Mantener la distancia m\u00ednima de 2 metros.<br>&#x1f449; Extremar la higiene de los espacios.<br>&#x1f449; Mantener las manos limpias.<\/p>\n\n\n\n<p>Se recuerda que, ante s\u00edntomas de tos seca, fiebre y dolor de garganta y la probabilidad de haber estado en contacto con enfermos o viajeros llegados desde las zonas transmisi\u00f3n local o comunitaria se puede llamar al 148 o 107.<\/p>\n","protected":false},"excerpt":{"rendered":"<p>La Secretar\u00eda de Salud de la Municipalidad de San Pedro brinda el informe que acompa\u00f1a la placa del d\u00eda de la fecha en el seguimiento de la Pandemia de Covid-19. En las \u00faltimas 24 horas no se han recibido nuevos resultados. Nuevos positivos: Sin resultadosNuevos negativos: Sin resultados Contin\u00faa la pr\u00e1ctica de hisopados a casos [&hellip;]<\/p>\n","protected":false},"author":4,"featured_media":79200,"comment_status":"open","ping_status":"closed","sticky":false,"template":"","format":"standard","meta":{"om_disable_all_campaigns":false,"_jetpack_memberships_contains_paid_content":false,"footnotes":""},"categories":[50,101,2],"tags":[],"class_list":["post-87357","post","type-post","status-publish","format-standard","has-post-thumbnail","hentry","category-destacadas","category-interes-general-locales","category-locales"],"aioseo_notices":[],"gutentor_comment":0,"jetpack_featured_media_url":"https:\/\/eldiariodesanpedro.com.ar\/sitio\/wp-content\/uploads\/2020\/08\/FTRRV773PNB3RI4W5LP3O7ZVUI.jpg","jetpack_shortlink":"https:\/\/wp.me\/p6RhLt-mIZ","jetpack_sharing_enabled":true,"_links":{"self":[{"href":"https:\/\/eldiariodesanpedro.com.ar\/sitio\/wp-json\/wp\/v2\/posts\/87357","targetHints":{"allow":["GET"]}}],"collection":[{"href":"https:\/\/eldiariodesanpedro.com.ar\/sitio\/wp-json\/wp\/v2\/posts"}],"about":[{"href":"https:\/\/eldiariodesanpedro.com.ar\/sitio\/wp-json\/wp\/v2\/types\/post"}],"author":[{"embeddable":true,"href":"https:\/\/eldiariodesanpedro.com.ar\/sitio\/wp-json\/wp\/v2\/users\/4"}],"replies":[{"embeddable":true,"href":"https:\/\/eldiariodesanpedro.com.ar\/sitio\/wp-json\/wp\/v2\/comments?post=87357"}],"version-history":[{"count":1,"href":"https:\/\/eldiariodesanpedro.com.ar\/sitio\/wp-json\/wp\/v2\/posts\/87357\/revisions"}],"predecessor-version":[{"id":87358,"href":"https:\/\/eldiariodesanpedro.com.ar\/sitio\/wp-json\/wp\/v2\/posts\/87357\/revisions\/87358"}],"wp:featuredmedia":[{"embeddable":true,"href":"https:\/\/eldiariodesanpedro.com.ar\/sitio\/wp-json\/wp\/v2\/media\/79200"}],"wp:attachment":[{"href":"https:\/\/eldiariodesanpedro.com.ar\/sitio\/wp-json\/wp\/v2\/media?parent=87357"}],"wp:term":[{"taxonomy":"category","embeddable":true,"href":"https:\/\/eldiariodesanpedro.com.ar\/sitio\/wp-json\/wp\/v2\/categories?post=87357"},{"taxonomy":"post_tag","embeddable":true,"href":"https:\/\/eldiariodesanpedro.com.ar\/sitio\/wp-json\/wp\/v2\/tags?post=87357"}],"curies":[{"name":"wp","href":"https:\/\/api.w.org\/{rel}","templated":true}]}}