{"id":87351,"date":"2021-02-08T20:24:20","date_gmt":"2021-02-08T23:24:20","guid":{"rendered":"https:\/\/eldiariodesanpedro.com.ar\/sitio\/?p=87351"},"modified":"2021-02-08T20:24:23","modified_gmt":"2021-02-08T23:24:23","slug":"ceden-fotos-historicas-ineditas-al-museo-paleontologico","status":"publish","type":"post","link":"https:\/\/eldiariodesanpedro.com.ar\/sitio\/ceden-fotos-historicas-ineditas-al-museo-paleontologico\/","title":{"rendered":"Ceden fotos hist\u00f3ricas in\u00e9ditas al Museo Paleontol\u00f3gico"},"content":{"rendered":"<!-- VideographyWP Plugin Message: Automatic video embedding prevented by plugin options. -->\n\n<p>El se\u00f1or Claudio Ruibal, propietario del caf\u00e9 \u00abEl Tractor\u00bb y reconocido coleccionista de antig\u00fcedades, acaba de ceder al equipo del Museo Paleontol\u00f3gico, una serie de fotograf\u00edas hist\u00f3ricas de diferentes puntos de nuestro partido. Entre ellas se encuentran algunas vistas in\u00e9ditas de Vuelta de Obligado, el puerto de Depietri y el antiguo puerto en el barrio Canaletas, entre otras.<\/p>\n\n\n\n<p>En las fotos de Obligado hay escenas donde se observa el peque\u00f1o morro donde estuvieron atadas la cadenas del combate. En unas, todav\u00eda sin la protecci\u00f3n construida d\u00e9cadas despu\u00e9s;&nbsp; en otras, ya con los c\u00edrculos conc\u00e9ntricos de ladrillos que luego fueron destruidos por las crecientes.<\/p>\n\n\n\n<p>Entre las valiosas im\u00e1genes hay una con excelente detalle de los elevadores de granos construidos por Eduardo Depietri donde se observa parte del movimiento del lugar y, detr\u00e1s, la chimenea de la antigua alcoholera \u00abLa Estrella\u00bb echando humo, antes de ser destruida por un rayo, a\u00f1os despu\u00e9s. En 2010, en la base de esa chimenea, fue construida la sala que hoy conocemos como Paseo de los T\u00faneles.<\/p>\n\n\n\n<p>Del barrio Canaletas se conserva una imagen hermosa donde se ve el movimiento de barcos de carga a vela navegando por el riacho y, m\u00e1s atr\u00e1s, las canaletas de madera por donde se deslizaban las bolsas de granos. Contra la barranca algunas casas y personas en sus quehaceres diarios.<\/p>\n\n\n\n<p>Las im\u00e1genes cedidas por la familia Ruibal pasar\u00e1n a formar parte de la nutrida colecci\u00f3n digital que el grupo del Museo est\u00e1 reuniendo para el Archivo de Documentaci\u00f3n Hist\u00f3rica que se est\u00e1 montando en el lugar.<\/p>\n\n\n\n<figure class=\"wp-block-image size-large\"><img decoding=\"async\" width=\"1024\" height=\"528\" data-attachment-id=\"87352\" data-permalink=\"https:\/\/eldiariodesanpedro.com.ar\/sitio\/ceden-fotos-historicas-ineditas-al-museo-paleontologico\/b\/\" data-orig-file=\"https:\/\/eldiariodesanpedro.com.ar\/sitio\/wp-content\/uploads\/2021\/02\/B.jpg\" data-orig-size=\"1808,933\" data-comments-opened=\"1\" data-image-meta=\"{&quot;aperture&quot;:&quot;0&quot;,&quot;credit&quot;:&quot;&quot;,&quot;camera&quot;:&quot;Handy Scanner&quot;,&quot;caption&quot;:&quot;&quot;,&quot;created_timestamp&quot;:&quot;0&quot;,&quot;copyright&quot;:&quot;&quot;,&quot;focal_length&quot;:&quot;0&quot;,&quot;iso&quot;:&quot;0&quot;,&quot;shutter_speed&quot;:&quot;0&quot;,&quot;title&quot;:&quot;&quot;,&quot;orientation&quot;:&quot;1&quot;}\" data-image-title=\"B\" data-image-description=\"\" data-image-caption=\"\" data-large-file=\"https:\/\/eldiariodesanpedro.com.ar\/sitio\/wp-content\/uploads\/2021\/02\/B-1024x528.jpg\" data-src=\"https:\/\/eldiariodesanpedro.com.ar\/sitio\/wp-content\/uploads\/2021\/02\/B-1024x528.jpg\" alt=\"\" class=\"wp-image-87352 lazyload\" data-srcset=\"https:\/\/eldiariodesanpedro.com.ar\/sitio\/wp-content\/uploads\/2021\/02\/B-1024x528.jpg 1024w, https:\/\/eldiariodesanpedro.com.ar\/sitio\/wp-content\/uploads\/2021\/02\/B-300x155.jpg 300w, https:\/\/eldiariodesanpedro.com.ar\/sitio\/wp-content\/uploads\/2021\/02\/B-768x396.jpg 768w, https:\/\/eldiariodesanpedro.com.ar\/sitio\/wp-content\/uploads\/2021\/02\/B-1536x793.jpg 1536w, https:\/\/eldiariodesanpedro.com.ar\/sitio\/wp-content\/uploads\/2021\/02\/B.jpg 1808w\" data-sizes=\"(max-width: 1024px) 100vw, 1024px\" src=\"data:image\/svg+xml;base64,PHN2ZyB3aWR0aD0iMSIgaGVpZ2h0PSIxIiB4bWxucz0iaHR0cDovL3d3dy53My5vcmcvMjAwMC9zdmciPjwvc3ZnPg==\" style=\"--smush-placeholder-width: 1024px; --smush-placeholder-aspect-ratio: 1024\/528;\" \/><\/figure>\n\n\n\n<figure class=\"wp-block-image size-large\"><img decoding=\"async\" width=\"832\" height=\"539\" data-attachment-id=\"87353\" data-permalink=\"https:\/\/eldiariodesanpedro.com.ar\/sitio\/ceden-fotos-historicas-ineditas-al-museo-paleontologico\/c-1\/\" data-orig-file=\"https:\/\/eldiariodesanpedro.com.ar\/sitio\/wp-content\/uploads\/2021\/02\/C-1.jpg\" data-orig-size=\"832,539\" data-comments-opened=\"1\" data-image-meta=\"{&quot;aperture&quot;:&quot;0&quot;,&quot;credit&quot;:&quot;&quot;,&quot;camera&quot;:&quot;Handy Scanner&quot;,&quot;caption&quot;:&quot;&quot;,&quot;created_timestamp&quot;:&quot;0&quot;,&quot;copyright&quot;:&quot;&quot;,&quot;focal_length&quot;:&quot;0&quot;,&quot;iso&quot;:&quot;0&quot;,&quot;shutter_speed&quot;:&quot;0&quot;,&quot;title&quot;:&quot;&quot;,&quot;orientation&quot;:&quot;1&quot;}\" data-image-title=\"C (1)\" data-image-description=\"\" data-image-caption=\"\" data-large-file=\"https:\/\/eldiariodesanpedro.com.ar\/sitio\/wp-content\/uploads\/2021\/02\/C-1.jpg\" data-src=\"https:\/\/eldiariodesanpedro.com.ar\/sitio\/wp-content\/uploads\/2021\/02\/C-1.jpg\" alt=\"\" class=\"wp-image-87353 lazyload\" data-srcset=\"https:\/\/eldiariodesanpedro.com.ar\/sitio\/wp-content\/uploads\/2021\/02\/C-1.jpg 832w, https:\/\/eldiariodesanpedro.com.ar\/sitio\/wp-content\/uploads\/2021\/02\/C-1-300x194.jpg 300w, https:\/\/eldiariodesanpedro.com.ar\/sitio\/wp-content\/uploads\/2021\/02\/C-1-768x498.jpg 768w\" data-sizes=\"(max-width: 832px) 100vw, 832px\" src=\"data:image\/svg+xml;base64,PHN2ZyB3aWR0aD0iMSIgaGVpZ2h0PSIxIiB4bWxucz0iaHR0cDovL3d3dy53My5vcmcvMjAwMC9zdmciPjwvc3ZnPg==\" style=\"--smush-placeholder-width: 832px; --smush-placeholder-aspect-ratio: 832\/539;\" \/><\/figure>\n\n\n\n<figure class=\"wp-block-image size-large\"><img decoding=\"async\" width=\"983\" height=\"627\" data-attachment-id=\"87355\" data-permalink=\"https:\/\/eldiariodesanpedro.com.ar\/sitio\/ceden-fotos-historicas-ineditas-al-museo-paleontologico\/a-2-2\/\" data-orig-file=\"https:\/\/eldiariodesanpedro.com.ar\/sitio\/wp-content\/uploads\/2021\/02\/A-2.jpg\" data-orig-size=\"983,627\" data-comments-opened=\"1\" data-image-meta=\"{&quot;aperture&quot;:&quot;0&quot;,&quot;credit&quot;:&quot;&quot;,&quot;camera&quot;:&quot;Handy Scanner&quot;,&quot;caption&quot;:&quot;&quot;,&quot;created_timestamp&quot;:&quot;0&quot;,&quot;copyright&quot;:&quot;&quot;,&quot;focal_length&quot;:&quot;0&quot;,&quot;iso&quot;:&quot;0&quot;,&quot;shutter_speed&quot;:&quot;0&quot;,&quot;title&quot;:&quot;&quot;,&quot;orientation&quot;:&quot;1&quot;}\" data-image-title=\"A (2)\" data-image-description=\"\" data-image-caption=\"\" data-large-file=\"https:\/\/eldiariodesanpedro.com.ar\/sitio\/wp-content\/uploads\/2021\/02\/A-2.jpg\" data-src=\"https:\/\/eldiariodesanpedro.com.ar\/sitio\/wp-content\/uploads\/2021\/02\/A-2.jpg\" alt=\"\" class=\"wp-image-87355 lazyload\" data-srcset=\"https:\/\/eldiariodesanpedro.com.ar\/sitio\/wp-content\/uploads\/2021\/02\/A-2.jpg 983w, https:\/\/eldiariodesanpedro.com.ar\/sitio\/wp-content\/uploads\/2021\/02\/A-2-300x191.jpg 300w, https:\/\/eldiariodesanpedro.com.ar\/sitio\/wp-content\/uploads\/2021\/02\/A-2-768x490.jpg 768w\" data-sizes=\"(max-width: 983px) 100vw, 983px\" src=\"data:image\/svg+xml;base64,PHN2ZyB3aWR0aD0iMSIgaGVpZ2h0PSIxIiB4bWxucz0iaHR0cDovL3d3dy53My5vcmcvMjAwMC9zdmciPjwvc3ZnPg==\" style=\"--smush-placeholder-width: 983px; --smush-placeholder-aspect-ratio: 983\/627;\" \/><\/figure>\n","protected":false},"excerpt":{"rendered":"<p>El se\u00f1or Claudio Ruibal, propietario del caf\u00e9 \u00abEl Tractor\u00bb y reconocido coleccionista de antig\u00fcedades, acaba de ceder al equipo del Museo Paleontol\u00f3gico, una serie de fotograf\u00edas hist\u00f3ricas de diferentes puntos de nuestro partido. Entre ellas se encuentran algunas vistas in\u00e9ditas de Vuelta de Obligado, el puerto de Depietri y el antiguo puerto en el barrio [&hellip;]<\/p>\n","protected":false},"author":4,"featured_media":87354,"comment_status":"open","ping_status":"closed","sticky":false,"template":"","format":"standard","meta":{"om_disable_all_campaigns":false,"_jetpack_memberships_contains_paid_content":false,"footnotes":""},"categories":[50,101,2],"tags":[],"class_list":["post-87351","post","type-post","status-publish","format-standard","has-post-thumbnail","hentry","category-destacadas","category-interes-general-locales","category-locales"],"aioseo_notices":[],"gutentor_comment":0,"jetpack_featured_media_url":"https:\/\/eldiariodesanpedro.com.ar\/sitio\/wp-content\/uploads\/2021\/02\/D.jpg","jetpack_shortlink":"https:\/\/wp.me\/p6RhLt-mIT","jetpack_sharing_enabled":true,"_links":{"self":[{"href":"https:\/\/eldiariodesanpedro.com.ar\/sitio\/wp-json\/wp\/v2\/posts\/87351","targetHints":{"allow":["GET"]}}],"collection":[{"href":"https:\/\/eldiariodesanpedro.com.ar\/sitio\/wp-json\/wp\/v2\/posts"}],"about":[{"href":"https:\/\/eldiariodesanpedro.com.ar\/sitio\/wp-json\/wp\/v2\/types\/post"}],"author":[{"embeddable":true,"href":"https:\/\/eldiariodesanpedro.com.ar\/sitio\/wp-json\/wp\/v2\/users\/4"}],"replies":[{"embeddable":true,"href":"https:\/\/eldiariodesanpedro.com.ar\/sitio\/wp-json\/wp\/v2\/comments?post=87351"}],"version-history":[{"count":1,"href":"https:\/\/eldiariodesanpedro.com.ar\/sitio\/wp-json\/wp\/v2\/posts\/87351\/revisions"}],"predecessor-version":[{"id":87356,"href":"https:\/\/eldiariodesanpedro.com.ar\/sitio\/wp-json\/wp\/v2\/posts\/87351\/revisions\/87356"}],"wp:featuredmedia":[{"embeddable":true,"href":"https:\/\/eldiariodesanpedro.com.ar\/sitio\/wp-json\/wp\/v2\/media\/87354"}],"wp:attachment":[{"href":"https:\/\/eldiariodesanpedro.com.ar\/sitio\/wp-json\/wp\/v2\/media?parent=87351"}],"wp:term":[{"taxonomy":"category","embeddable":true,"href":"https:\/\/eldiariodesanpedro.com.ar\/sitio\/wp-json\/wp\/v2\/categories?post=87351"},{"taxonomy":"post_tag","embeddable":true,"href":"https:\/\/eldiariodesanpedro.com.ar\/sitio\/wp-json\/wp\/v2\/tags?post=87351"}],"curies":[{"name":"wp","href":"https:\/\/api.w.org\/{rel}","templated":true}]}}