{"id":87347,"date":"2021-02-08T19:20:58","date_gmt":"2021-02-08T22:20:58","guid":{"rendered":"https:\/\/eldiariodesanpedro.com.ar\/sitio\/?p=87347"},"modified":"2021-02-08T19:21:03","modified_gmt":"2021-02-08T22:21:03","slug":"asuncion-del-nuevo-titular-de-la-base-naval-de-zarate","status":"publish","type":"post","link":"https:\/\/eldiariodesanpedro.com.ar\/sitio\/asuncion-del-nuevo-titular-de-la-base-naval-de-zarate\/","title":{"rendered":"Asunci\u00f3n del nuevo titular de la Base Naval de Z\u00e1rate"},"content":{"rendered":"<!-- VideographyWP Plugin Message: Automatic video embedding prevented by plugin options. -->\n\n<p>El Secretario de Desarrollo Humano Walter S\u00e1nchez, particip\u00f3 de la asunci\u00f3n del nuevo titular de la Base Naval de Z\u00e1rate de la Armada, el Capit\u00e1n de Nav\u00edo Claudio Dante Cardenal.<\/p>\n\n\n\n<p>S\u00e1nchez destac\u00f3 el trabajo en conjunto que realiz\u00f3 el Municipio junto a la Armada durante la pandemia en asistir a vecinos, principalmente de la isla, y asegur\u00f3 que continuar\u00e1n ejecutando este tipo de acciones.<\/p>\n\n\n\n<p>La Armada realiz\u00f3 durante la cuarentena distintos operativos en nuestra ciudad con la Escuadrilla de R\u00edos y el Batall\u00f3n de Infanter\u00eda de Marina N\u00ba 3, con asiento en la base Naval Z\u00e1rate.<\/p>\n\n\n\n<figure class=\"wp-block-image size-large\"><img decoding=\"async\" width=\"498\" height=\"1024\" data-attachment-id=\"87348\" data-permalink=\"https:\/\/eldiariodesanpedro.com.ar\/sitio\/asuncion-del-nuevo-titular-de-la-base-naval-de-zarate\/whatsapp-image-2021-02-08-at-12-48-54\/\" data-orig-file=\"https:\/\/eldiariodesanpedro.com.ar\/sitio\/wp-content\/uploads\/2021\/02\/WhatsApp-Image-2021-02-08-at-12.48.54.jpeg\" data-orig-size=\"622,1280\" data-comments-opened=\"1\" data-image-meta=\"{&quot;aperture&quot;:&quot;0&quot;,&quot;credit&quot;:&quot;&quot;,&quot;camera&quot;:&quot;&quot;,&quot;caption&quot;:&quot;&quot;,&quot;created_timestamp&quot;:&quot;0&quot;,&quot;copyright&quot;:&quot;&quot;,&quot;focal_length&quot;:&quot;0&quot;,&quot;iso&quot;:&quot;0&quot;,&quot;shutter_speed&quot;:&quot;0&quot;,&quot;title&quot;:&quot;&quot;,&quot;orientation&quot;:&quot;0&quot;}\" data-image-title=\"WhatsApp Image 2021-02-08 at 12.48.54\" data-image-description=\"\" data-image-caption=\"\" data-large-file=\"https:\/\/eldiariodesanpedro.com.ar\/sitio\/wp-content\/uploads\/2021\/02\/WhatsApp-Image-2021-02-08-at-12.48.54-498x1024.jpeg\" data-src=\"https:\/\/eldiariodesanpedro.com.ar\/sitio\/wp-content\/uploads\/2021\/02\/WhatsApp-Image-2021-02-08-at-12.48.54-498x1024.jpeg\" alt=\"\" class=\"wp-image-87348 lazyload\" data-srcset=\"https:\/\/eldiariodesanpedro.com.ar\/sitio\/wp-content\/uploads\/2021\/02\/WhatsApp-Image-2021-02-08-at-12.48.54-498x1024.jpeg 498w, https:\/\/eldiariodesanpedro.com.ar\/sitio\/wp-content\/uploads\/2021\/02\/WhatsApp-Image-2021-02-08-at-12.48.54-146x300.jpeg 146w, https:\/\/eldiariodesanpedro.com.ar\/sitio\/wp-content\/uploads\/2021\/02\/WhatsApp-Image-2021-02-08-at-12.48.54.jpeg 622w\" data-sizes=\"(max-width: 498px) 100vw, 498px\" src=\"data:image\/svg+xml;base64,PHN2ZyB3aWR0aD0iMSIgaGVpZ2h0PSIxIiB4bWxucz0iaHR0cDovL3d3dy53My5vcmcvMjAwMC9zdmciPjwvc3ZnPg==\" style=\"--smush-placeholder-width: 498px; --smush-placeholder-aspect-ratio: 498\/1024;\" \/><\/figure>\n","protected":false},"excerpt":{"rendered":"<p>El Secretario de Desarrollo Humano Walter S\u00e1nchez, particip\u00f3 de la asunci\u00f3n del nuevo titular de la Base Naval de Z\u00e1rate de la Armada, el Capit\u00e1n de Nav\u00edo Claudio Dante Cardenal. S\u00e1nchez destac\u00f3 el trabajo en conjunto que realiz\u00f3 el Municipio junto a la Armada durante la pandemia en asistir a vecinos, principalmente de la isla, [&hellip;]<\/p>\n","protected":false},"author":4,"featured_media":87349,"comment_status":"open","ping_status":"closed","sticky":false,"template":"","format":"standard","meta":{"om_disable_all_campaigns":false,"_jetpack_memberships_contains_paid_content":false,"footnotes":""},"categories":[101,2],"tags":[],"class_list":["post-87347","post","type-post","status-publish","format-standard","has-post-thumbnail","hentry","category-interes-general-locales","category-locales"],"aioseo_notices":[],"gutentor_comment":0,"jetpack_featured_media_url":"https:\/\/eldiariodesanpedro.com.ar\/sitio\/wp-content\/uploads\/2021\/02\/WhatsApp-Image-2021-02-08-at-12.48.55.jpeg","jetpack_shortlink":"https:\/\/wp.me\/p6RhLt-mIP","jetpack_sharing_enabled":true,"_links":{"self":[{"href":"https:\/\/eldiariodesanpedro.com.ar\/sitio\/wp-json\/wp\/v2\/posts\/87347","targetHints":{"allow":["GET"]}}],"collection":[{"href":"https:\/\/eldiariodesanpedro.com.ar\/sitio\/wp-json\/wp\/v2\/posts"}],"about":[{"href":"https:\/\/eldiariodesanpedro.com.ar\/sitio\/wp-json\/wp\/v2\/types\/post"}],"author":[{"embeddable":true,"href":"https:\/\/eldiariodesanpedro.com.ar\/sitio\/wp-json\/wp\/v2\/users\/4"}],"replies":[{"embeddable":true,"href":"https:\/\/eldiariodesanpedro.com.ar\/sitio\/wp-json\/wp\/v2\/comments?post=87347"}],"version-history":[{"count":1,"href":"https:\/\/eldiariodesanpedro.com.ar\/sitio\/wp-json\/wp\/v2\/posts\/87347\/revisions"}],"predecessor-version":[{"id":87350,"href":"https:\/\/eldiariodesanpedro.com.ar\/sitio\/wp-json\/wp\/v2\/posts\/87347\/revisions\/87350"}],"wp:featuredmedia":[{"embeddable":true,"href":"https:\/\/eldiariodesanpedro.com.ar\/sitio\/wp-json\/wp\/v2\/media\/87349"}],"wp:attachment":[{"href":"https:\/\/eldiariodesanpedro.com.ar\/sitio\/wp-json\/wp\/v2\/media?parent=87347"}],"wp:term":[{"taxonomy":"category","embeddable":true,"href":"https:\/\/eldiariodesanpedro.com.ar\/sitio\/wp-json\/wp\/v2\/categories?post=87347"},{"taxonomy":"post_tag","embeddable":true,"href":"https:\/\/eldiariodesanpedro.com.ar\/sitio\/wp-json\/wp\/v2\/tags?post=87347"}],"curies":[{"name":"wp","href":"https:\/\/api.w.org\/{rel}","templated":true}]}}