{"id":87344,"date":"2021-02-08T19:11:46","date_gmt":"2021-02-08T22:11:46","guid":{"rendered":"https:\/\/eldiariodesanpedro.com.ar\/sitio\/?p=87344"},"modified":"2021-02-08T19:11:50","modified_gmt":"2021-02-08T22:11:50","slug":"ramallo-una-vecina-fue-mordida-por-una-yarara","status":"publish","type":"post","link":"https:\/\/eldiariodesanpedro.com.ar\/sitio\/ramallo-una-vecina-fue-mordida-por-una-yarara\/","title":{"rendered":"RAMALLO | Una vecina fue mordida por una Yarar\u00e1"},"content":{"rendered":"<!-- VideographyWP Plugin Message: Automatic video embedding prevented by plugin options. -->\n\n<p>Una vecina de Ramallo fue mordida por una v\u00edbora yarar\u00e1 que se ocultaba debajo de su cama en su vivienda de la calle Santa Rosa del barrio hom\u00f3nimo de Ramallo. <\/p>\n\n\n\n<p>Ver\u00f3nica Leguizam\u00f3n fue mordida en su pierna izquierda y debi\u00f3 ser trasladada en forma urgente quedando internada en el hospital San Felipe de San Nicol\u00e1s. <\/p>\n\n\n\n<p>Antes de ser trasladada le aplicaron seis dosis de suero antiof\u00eddico en el Hospital Gomendio. <\/p>\n\n\n\n<p>Los Bomberos Voluntarios fueron quienes retiraron la v\u00edbora de adentro de la vivienda, donde tambi\u00e9n habitan dos criaturas que por suerte no fueron alcanzadas por la v\u00edbora.<\/p>\n\n\n\n<p>Fuente: <a href=\"https:\/\/www.facebook.com\/ramallocity\/posts\/3871749896222804\">Ramallo City <\/a><\/p>\n","protected":false},"excerpt":{"rendered":"<p>Una vecina de Ramallo fue mordida por una v\u00edbora yarar\u00e1 que se ocultaba debajo de su cama en su vivienda de la calle Santa Rosa del barrio hom\u00f3nimo de Ramallo. Ver\u00f3nica Leguizam\u00f3n fue mordida en su pierna izquierda y debi\u00f3 ser trasladada en forma urgente quedando internada en el hospital San Felipe de San Nicol\u00e1s. [&hellip;]<\/p>\n","protected":false},"author":4,"featured_media":87345,"comment_status":"open","ping_status":"closed","sticky":false,"template":"","format":"standard","meta":{"om_disable_all_campaigns":false,"_jetpack_memberships_contains_paid_content":false,"footnotes":""},"categories":[621],"tags":[],"class_list":["post-87344","post","type-post","status-publish","format-standard","has-post-thumbnail","hentry","category-regionales"],"aioseo_notices":[],"gutentor_comment":0,"jetpack_featured_media_url":"https:\/\/eldiariodesanpedro.com.ar\/sitio\/wp-content\/uploads\/2021\/02\/147211685_3871749852889475_5584332157635270263_o.jpg","jetpack_shortlink":"https:\/\/wp.me\/p6RhLt-mIM","jetpack_sharing_enabled":true,"_links":{"self":[{"href":"https:\/\/eldiariodesanpedro.com.ar\/sitio\/wp-json\/wp\/v2\/posts\/87344","targetHints":{"allow":["GET"]}}],"collection":[{"href":"https:\/\/eldiariodesanpedro.com.ar\/sitio\/wp-json\/wp\/v2\/posts"}],"about":[{"href":"https:\/\/eldiariodesanpedro.com.ar\/sitio\/wp-json\/wp\/v2\/types\/post"}],"author":[{"embeddable":true,"href":"https:\/\/eldiariodesanpedro.com.ar\/sitio\/wp-json\/wp\/v2\/users\/4"}],"replies":[{"embeddable":true,"href":"https:\/\/eldiariodesanpedro.com.ar\/sitio\/wp-json\/wp\/v2\/comments?post=87344"}],"version-history":[{"count":1,"href":"https:\/\/eldiariodesanpedro.com.ar\/sitio\/wp-json\/wp\/v2\/posts\/87344\/revisions"}],"predecessor-version":[{"id":87346,"href":"https:\/\/eldiariodesanpedro.com.ar\/sitio\/wp-json\/wp\/v2\/posts\/87344\/revisions\/87346"}],"wp:featuredmedia":[{"embeddable":true,"href":"https:\/\/eldiariodesanpedro.com.ar\/sitio\/wp-json\/wp\/v2\/media\/87345"}],"wp:attachment":[{"href":"https:\/\/eldiariodesanpedro.com.ar\/sitio\/wp-json\/wp\/v2\/media?parent=87344"}],"wp:term":[{"taxonomy":"category","embeddable":true,"href":"https:\/\/eldiariodesanpedro.com.ar\/sitio\/wp-json\/wp\/v2\/categories?post=87344"},{"taxonomy":"post_tag","embeddable":true,"href":"https:\/\/eldiariodesanpedro.com.ar\/sitio\/wp-json\/wp\/v2\/tags?post=87344"}],"curies":[{"name":"wp","href":"https:\/\/api.w.org\/{rel}","templated":true}]}}