{"id":87341,"date":"2021-02-08T19:03:13","date_gmt":"2021-02-08T22:03:13","guid":{"rendered":"https:\/\/eldiariodesanpedro.com.ar\/sitio\/?p=87341"},"modified":"2021-02-08T19:03:17","modified_gmt":"2021-02-08T22:03:17","slug":"baradero-me-gastaron-37000-desde-capital-todavia-no-tuve-no-tuve-repuestas-del-banco","status":"publish","type":"post","link":"https:\/\/eldiariodesanpedro.com.ar\/sitio\/baradero-me-gastaron-37000-desde-capital-todavia-no-tuve-no-tuve-repuestas-del-banco\/","title":{"rendered":"BARADERO | \u00abMe gastaron $37000 desde capital, todav\u00eda no tuve no tuve repuestas del banco\u00bb"},"content":{"rendered":"<!-- VideographyWP Plugin Message: Automatic video embedding prevented by plugin options. -->\n\n<p>Candela Chiaparra, damnificada quien fue estafada virtualmente.Gastaron dinero de su cuenta, mientras que ella ten\u00eda la tarjeta en su poder. \u00abEl lunes pasado fui a hacer un tr\u00e1mite al banco, veo en el ticket que no tengo el efectivo que ten\u00eda que tener. <\/p>\n\n\n\n<p>Entro a homebanking y hab\u00eda movimientos que no realic\u00e9, todos a la madrugada\u00bb<\/p>\n\n\n\n<p>\u00abLlamo al 0800 que me dan desde el Banco para hacer la denuncia, me atendieron de mala manera y volv\u00ed a la sucursal\u00bb<\/p>\n\n\n\n<p>\u00abvuelvo a llamar pero no me pudieron tomar la denuncia porque en la p\u00e1gina no hab\u00edan ingresado los movimientos, si me dijeron que era sospechoso por el horario y que el gasto fue en capital federal, cuando yo no viaje\u00bb<\/p>\n\n\n\n<p>\u00abMe dieron de baja la tarjeta, aunque el gasto se hizo virtual\u00bb<\/p>\n\n\n\n<p>\u00abEstoy a la espera de una respuesta y que me devuelvan la plata, me gastaron $37000\u00bb<\/p>\n\n\n\n<p>Fuente: <a href=\"https:\/\/www.facebook.com\/fmtiempo1035\/posts\/1633204753534188\">Fm Tiempo<\/a><\/p>\n","protected":false},"excerpt":{"rendered":"<p>Candela Chiaparra, damnificada quien fue estafada virtualmente.Gastaron dinero de su cuenta, mientras que ella ten\u00eda la tarjeta en su poder. \u00abEl lunes pasado fui a hacer un tr\u00e1mite al banco, veo en el ticket que no tengo el efectivo que ten\u00eda que tener. Entro a homebanking y hab\u00eda movimientos que no realic\u00e9, todos a la [&hellip;]<\/p>\n","protected":false},"author":4,"featured_media":87342,"comment_status":"open","ping_status":"closed","sticky":false,"template":"","format":"standard","meta":{"om_disable_all_campaigns":false,"_jetpack_memberships_contains_paid_content":false,"footnotes":""},"categories":[621],"tags":[],"class_list":["post-87341","post","type-post","status-publish","format-standard","has-post-thumbnail","hentry","category-regionales"],"aioseo_notices":[],"gutentor_comment":0,"jetpack_featured_media_url":"https:\/\/eldiariodesanpedro.com.ar\/sitio\/wp-content\/uploads\/2021\/02\/145323160_1633204736867523_8286999269806304013_n.jpg","jetpack_shortlink":"https:\/\/wp.me\/p6RhLt-mIJ","jetpack_sharing_enabled":true,"_links":{"self":[{"href":"https:\/\/eldiariodesanpedro.com.ar\/sitio\/wp-json\/wp\/v2\/posts\/87341","targetHints":{"allow":["GET"]}}],"collection":[{"href":"https:\/\/eldiariodesanpedro.com.ar\/sitio\/wp-json\/wp\/v2\/posts"}],"about":[{"href":"https:\/\/eldiariodesanpedro.com.ar\/sitio\/wp-json\/wp\/v2\/types\/post"}],"author":[{"embeddable":true,"href":"https:\/\/eldiariodesanpedro.com.ar\/sitio\/wp-json\/wp\/v2\/users\/4"}],"replies":[{"embeddable":true,"href":"https:\/\/eldiariodesanpedro.com.ar\/sitio\/wp-json\/wp\/v2\/comments?post=87341"}],"version-history":[{"count":1,"href":"https:\/\/eldiariodesanpedro.com.ar\/sitio\/wp-json\/wp\/v2\/posts\/87341\/revisions"}],"predecessor-version":[{"id":87343,"href":"https:\/\/eldiariodesanpedro.com.ar\/sitio\/wp-json\/wp\/v2\/posts\/87341\/revisions\/87343"}],"wp:featuredmedia":[{"embeddable":true,"href":"https:\/\/eldiariodesanpedro.com.ar\/sitio\/wp-json\/wp\/v2\/media\/87342"}],"wp:attachment":[{"href":"https:\/\/eldiariodesanpedro.com.ar\/sitio\/wp-json\/wp\/v2\/media?parent=87341"}],"wp:term":[{"taxonomy":"category","embeddable":true,"href":"https:\/\/eldiariodesanpedro.com.ar\/sitio\/wp-json\/wp\/v2\/categories?post=87341"},{"taxonomy":"post_tag","embeddable":true,"href":"https:\/\/eldiariodesanpedro.com.ar\/sitio\/wp-json\/wp\/v2\/tags?post=87341"}],"curies":[{"name":"wp","href":"https:\/\/api.w.org\/{rel}","templated":true}]}}