{"id":87338,"date":"2021-02-08T18:35:39","date_gmt":"2021-02-08T21:35:39","guid":{"rendered":"https:\/\/eldiariodesanpedro.com.ar\/sitio\/?p=87338"},"modified":"2021-02-08T18:35:49","modified_gmt":"2021-02-08T21:35:49","slug":"berni-aseguro-que-se-sancionara-a-policias-si-hay-una-nueva-huelga","status":"publish","type":"post","link":"https:\/\/eldiariodesanpedro.com.ar\/sitio\/berni-aseguro-que-se-sancionara-a-policias-si-hay-una-nueva-huelga\/","title":{"rendered":"Berni asegur\u00f3 que se sancionar\u00e1 a polic\u00edas si hay una nueva huelga"},"content":{"rendered":"<!-- VideographyWP Plugin Message: Automatic video embedding prevented by plugin options. -->\n\n<p>El ministro de Seguridad de la provincia, Sergio Berni, fue mucho m\u00e1s duro que durante la huelga de septiembre pasado. \u00abEs un hecho que habr\u00e1 sanciones\u00bb, dijo.<\/p>\n\n\n\n<p>Un sector de la polic\u00eda bonaerense anunci\u00f3 un nuevo paro para este jueves 11, pero desde el ministerio de Seguridad de la provincia ya advierten con \u201cduras sanciones\u201d. Creen que la que se desat\u00f3 en septiembre del a\u00f1o pasado, \u201cfue excepcional\u201d y relacionaron la nueva medida de fuerza con un sector marginal de la polic\u00eda, encabezado por exonerados y opositores. En ese espectro, tambi\u00e9n podr\u00edan entrar intendentes.<\/p>\n\n\n\n<p>El propio ministro de Seguridad de la provincia, Sergio Berni, dijo que el nuevo reclamo \u201cno tiene que ver con lo salarial\u201d, sino tambi\u00e9n con \u201cotros intereses pol\u00edticos\u201d, por lo que asegur\u00f3 que habr\u00e1 sanciones.<\/p>\n\n\n\n<p>En su visita sorpresa a la ciudad de Bah\u00eda Blanca, el jefe de las fuerzas de seguridad bonaerenses respondi\u00f3 acerca de la medida que podr\u00eda tomar la fuerza este jueves y confirm\u00f3 que podr\u00edan sancionarse a uniformados de esa localidad. El mensaje fue claro y esta vez, desde el ministerio planean extender las amonestaciones a cualquier polic\u00eda de la provincia si finalmente se realiza la nueva huelga.<\/p>\n\n\n\n<p>En tanto, no qued\u00f3 en claro si Berni tambi\u00e9n planea aplicar sanciones a los miembros de la bonaerense que participaron de la huelga policial el a\u00f1o pasado. D\u00edas posteriores al levantamiento que lleg\u00f3 a acorralar la casa de Axel Kicillof y la quinta de Olivos, el ministerio anunci\u00f3 descabezamientos, pero finalmente no ocurrieron.<\/p>\n\n\n\n<p>\u201cAquella fue excepcional, ven\u00edamos de cuatro a\u00f1os de degradaci\u00f3n del sistema policial y con una p\u00e9rdida de 30% del poder adquisitivo de las fuerzas policiales\u201d, argument\u00f3 Berni, que cree que esta vez la protesta no se expandir\u00e1 luego de que el gobierno nacional y el de la provincia, prometieran un aumento considerable. Un hecho que desencaden\u00f3 en la decisi\u00f3n de recuperar puntos del Fondo de Coparticipaci\u00f3n federal, que trajo pol\u00e9mica con la ciudad de Buenos Aires.<\/p>\n\n\n\n<p>Pero Berni, considera que detr\u00e1s del anuncio del nuevo paro, hay otros intereses. All\u00ed destac\u00f3 que muchos de los n\u00facleos de protestas se dan en ciudades opositoras. \u00bfRelacion\u00f3 as\u00ed las huelgas policiales con los intendentes de Juntos por el Cambio?<\/p>\n\n\n\n<p>\u201cEste agite tiene que ver no solo con lo salarial sino tambi\u00e9n con otros intereses pol\u00edticos. No es casualidad que las personas que agitan son de la oposici\u00f3n; llaman a movilizarse en Mar del Plata y Pinamar, distritos de la oposici\u00f3n\u201d, expres\u00f3 en la ciudad de Bah\u00eda.<\/p>\n\n\n\n<p>En esa l\u00ednea, lanz\u00f3 una declaraci\u00f3n directa a quienes est\u00e1n detr\u00e1s de la nueva medida de fuerza de la polic\u00eda: \u201cQue muevan lo que quieran, el resultado ser\u00e1 el mismo, se tendr\u00e1n que retirar. Es un hecho que habr\u00e1 sanciones a polic\u00edas de Bah\u00eda Blanca\u201d, sostuvo Berni.<\/p>\n\n\n\n<p>Fuente: <a href=\"https:\/\/infocielo.com\/berni\/aseguro-que-se-sancionara-policias-si-hay-una-nueva-huelga-n704099\">Infocielo<\/a><\/p>\n\n\n\n<p><a href=\"https:\/\/media.infocielo.com\/p\/031589178204b721379db809d20c85b3\/adjuntos\/299\/imagenes\/001\/036\/0001036180\/berni-aseguro-que-se-sancionara-policias-si-hay-una-nueva-huelga.jpg\"><\/a><\/p>\n","protected":false},"excerpt":{"rendered":"<p>El ministro de Seguridad de la provincia, Sergio Berni, fue mucho m\u00e1s duro que durante la huelga de septiembre pasado. \u00abEs un hecho que habr\u00e1 sanciones\u00bb, dijo. Un sector de la polic\u00eda bonaerense anunci\u00f3 un nuevo paro para este jueves 11, pero desde el ministerio de Seguridad de la provincia ya advierten con \u201cduras sanciones\u201d. [&hellip;]<\/p>\n","protected":false},"author":4,"featured_media":87339,"comment_status":"open","ping_status":"closed","sticky":false,"template":"","format":"standard","meta":{"om_disable_all_campaigns":false,"_jetpack_memberships_contains_paid_content":false,"footnotes":""},"categories":[621],"tags":[],"class_list":["post-87338","post","type-post","status-publish","format-standard","has-post-thumbnail","hentry","category-regionales"],"aioseo_notices":[],"gutentor_comment":0,"jetpack_featured_media_url":"https:\/\/eldiariodesanpedro.com.ar\/sitio\/wp-content\/uploads\/2021\/02\/berni-aseguro-que-se-sancionara-policias-si-hay-una-nueva-huelga.jpg","jetpack_shortlink":"https:\/\/wp.me\/p6RhLt-mIG","jetpack_sharing_enabled":true,"_links":{"self":[{"href":"https:\/\/eldiariodesanpedro.com.ar\/sitio\/wp-json\/wp\/v2\/posts\/87338","targetHints":{"allow":["GET"]}}],"collection":[{"href":"https:\/\/eldiariodesanpedro.com.ar\/sitio\/wp-json\/wp\/v2\/posts"}],"about":[{"href":"https:\/\/eldiariodesanpedro.com.ar\/sitio\/wp-json\/wp\/v2\/types\/post"}],"author":[{"embeddable":true,"href":"https:\/\/eldiariodesanpedro.com.ar\/sitio\/wp-json\/wp\/v2\/users\/4"}],"replies":[{"embeddable":true,"href":"https:\/\/eldiariodesanpedro.com.ar\/sitio\/wp-json\/wp\/v2\/comments?post=87338"}],"version-history":[{"count":1,"href":"https:\/\/eldiariodesanpedro.com.ar\/sitio\/wp-json\/wp\/v2\/posts\/87338\/revisions"}],"predecessor-version":[{"id":87340,"href":"https:\/\/eldiariodesanpedro.com.ar\/sitio\/wp-json\/wp\/v2\/posts\/87338\/revisions\/87340"}],"wp:featuredmedia":[{"embeddable":true,"href":"https:\/\/eldiariodesanpedro.com.ar\/sitio\/wp-json\/wp\/v2\/media\/87339"}],"wp:attachment":[{"href":"https:\/\/eldiariodesanpedro.com.ar\/sitio\/wp-json\/wp\/v2\/media?parent=87338"}],"wp:term":[{"taxonomy":"category","embeddable":true,"href":"https:\/\/eldiariodesanpedro.com.ar\/sitio\/wp-json\/wp\/v2\/categories?post=87338"},{"taxonomy":"post_tag","embeddable":true,"href":"https:\/\/eldiariodesanpedro.com.ar\/sitio\/wp-json\/wp\/v2\/tags?post=87338"}],"curies":[{"name":"wp","href":"https:\/\/api.w.org\/{rel}","templated":true}]}}