{"id":87333,"date":"2021-02-08T18:11:21","date_gmt":"2021-02-08T21:11:21","guid":{"rendered":"https:\/\/eldiariodesanpedro.com.ar\/sitio\/?p=87333"},"modified":"2021-02-08T18:11:22","modified_gmt":"2021-02-08T21:11:22","slug":"transito-y-obras-publicas-coordinan-con-el-consorcio-los-desvios-por-la-repavimentacion-en-el-inicio-de-la-ruta-191","status":"publish","type":"post","link":"https:\/\/eldiariodesanpedro.com.ar\/sitio\/transito-y-obras-publicas-coordinan-con-el-consorcio-los-desvios-por-la-repavimentacion-en-el-inicio-de-la-ruta-191\/","title":{"rendered":"Tr\u00e1nsito y Obras P\u00fablicas coordinan con el Consorcio los desv\u00edos por la repavimentaci\u00f3n en el inicio de la Ruta 191"},"content":{"rendered":"<!-- VideographyWP Plugin Message: Automatic video embedding prevented by plugin options. -->\n\n<p>La Ruta 191 que comienza en el Puerto de San Pedro, ser\u00e1 reparada en el tramo que va desde el acceso a los muelles hasta el edificio central del Consorcio con una tarea que llevar\u00e1 adelante la administraci\u00f3n del puerto, a partir del pr\u00f3ximo 17 de febrero.<\/p>\n\n\n\n<p>Luego de gestiones realizadas ante la Secretar\u00eda de Obras P\u00fablicas que tambi\u00e9n brindar\u00e1 colaboraci\u00f3n, en los \u00faltimos d\u00edas se organiz\u00f3 una reuni\u00f3n entre el Presidente del Consorcio Eliseo Almada y el Director de Tr\u00e1nsito de la Municipalidad Luis Caram\u00fan quien recorri\u00f3 la zona junto a personal del Puerto para determinar la mejor manera para organizar la circulaci\u00f3n por la zona mientras se extienda la reparaci\u00f3n.<\/p>\n\n\n\n<p>La Municipalidad recibi\u00f3 la informaci\u00f3n t\u00e9cnica pertinente indicando que se trabajar\u00e1 en la repavimentaci\u00f3n de una superficie aproximada de unos 150 metros cuadrados sobre los cuales est\u00e1 previsto retirar el pavimento de hormig\u00f3n existente y da\u00f1ado, compactar la base de suelo seleccionado (con aporte de suelo si es necesario) y realizar un nuevo pavimento de hormig\u00f3n de 0.20 m de espesor.<\/p>\n\n\n\n<p>A los efectos de facilitar los trabajos a realizar se solicit\u00f3 a la Direcci\u00f3n de Tr\u00e1nsito el diagrama de un desv\u00edo provisorio por fuera de la calzada de unos 120 m de longitud y 4 m de ancho.<\/p>\n\n\n\n<p>Para poder ofrecer esa v\u00eda alternativa se deber\u00e1 retirar la capa de suelo vegetal existente, compactar la superficie y consolidar para que pueda mantenerse un circuito alternativo de veh\u00edculos livianos, especialmente en fines de semana de alto movimiento tur\u00edstico. Para los transportes pesados se realizar\u00e1 a trav\u00e9s de las empresas correspondientes la notificaci\u00f3n para llegar a trav\u00e9s de la nueva bajada que se conecta con Crucero General Belgrano o ingresando por el camino de acceso, hasta la zona del desv\u00edo.<\/p>\n\n\n\n<p>La Direcci\u00f3n de Tr\u00e1nsito Municipal realizar\u00e1 junto al Puerto la se\u00f1alizaci\u00f3n pertinente y se asignar\u00e1n en ocasiones puntuales a inspectores para coordinar el tr\u00e1nsito pero se solicita a todos los vecinos que tomen los recaudos pertinentes en caso de dirigirse a la zona ya que la obra se extender\u00e1 por aproximadamente 60 d\u00edas.<\/p>\n\n\n\n<figure class=\"wp-block-image size-large\"><img decoding=\"async\" width=\"1024\" height=\"576\" data-attachment-id=\"87335\" data-permalink=\"https:\/\/eldiariodesanpedro.com.ar\/sitio\/transito-y-obras-publicas-coordinan-con-el-consorcio-los-desvios-por-la-repavimentacion-en-el-inicio-de-la-ruta-191\/whatsapp-image-2021-02-08-at-17-55-40\/\" data-orig-file=\"https:\/\/eldiariodesanpedro.com.ar\/sitio\/wp-content\/uploads\/2021\/02\/WhatsApp-Image-2021-02-08-at-17.55.40.jpeg\" data-orig-size=\"1280,720\" data-comments-opened=\"1\" data-image-meta=\"{&quot;aperture&quot;:&quot;0&quot;,&quot;credit&quot;:&quot;&quot;,&quot;camera&quot;:&quot;&quot;,&quot;caption&quot;:&quot;&quot;,&quot;created_timestamp&quot;:&quot;0&quot;,&quot;copyright&quot;:&quot;&quot;,&quot;focal_length&quot;:&quot;0&quot;,&quot;iso&quot;:&quot;0&quot;,&quot;shutter_speed&quot;:&quot;0&quot;,&quot;title&quot;:&quot;&quot;,&quot;orientation&quot;:&quot;0&quot;}\" data-image-title=\"WhatsApp Image 2021-02-08 at 17.55.40\" data-image-description=\"\" data-image-caption=\"\" data-large-file=\"https:\/\/eldiariodesanpedro.com.ar\/sitio\/wp-content\/uploads\/2021\/02\/WhatsApp-Image-2021-02-08-at-17.55.40-1024x576.jpeg\" data-src=\"https:\/\/eldiariodesanpedro.com.ar\/sitio\/wp-content\/uploads\/2021\/02\/WhatsApp-Image-2021-02-08-at-17.55.40-1024x576.jpeg\" alt=\"\" class=\"wp-image-87335 lazyload\" data-srcset=\"https:\/\/eldiariodesanpedro.com.ar\/sitio\/wp-content\/uploads\/2021\/02\/WhatsApp-Image-2021-02-08-at-17.55.40-1024x576.jpeg 1024w, https:\/\/eldiariodesanpedro.com.ar\/sitio\/wp-content\/uploads\/2021\/02\/WhatsApp-Image-2021-02-08-at-17.55.40-300x169.jpeg 300w, https:\/\/eldiariodesanpedro.com.ar\/sitio\/wp-content\/uploads\/2021\/02\/WhatsApp-Image-2021-02-08-at-17.55.40-768x432.jpeg 768w, https:\/\/eldiariodesanpedro.com.ar\/sitio\/wp-content\/uploads\/2021\/02\/WhatsApp-Image-2021-02-08-at-17.55.40-800x450.jpeg 800w, https:\/\/eldiariodesanpedro.com.ar\/sitio\/wp-content\/uploads\/2021\/02\/WhatsApp-Image-2021-02-08-at-17.55.40.jpeg 1280w\" data-sizes=\"(max-width: 1024px) 100vw, 1024px\" src=\"data:image\/svg+xml;base64,PHN2ZyB3aWR0aD0iMSIgaGVpZ2h0PSIxIiB4bWxucz0iaHR0cDovL3d3dy53My5vcmcvMjAwMC9zdmciPjwvc3ZnPg==\" style=\"--smush-placeholder-width: 1024px; --smush-placeholder-aspect-ratio: 1024\/576;\" \/><\/figure>\n\n\n\n<figure class=\"wp-block-image size-large\"><img decoding=\"async\" width=\"687\" height=\"477\" data-attachment-id=\"87334\" data-permalink=\"https:\/\/eldiariodesanpedro.com.ar\/sitio\/transito-y-obras-publicas-coordinan-con-el-consorcio-los-desvios-por-la-repavimentacion-en-el-inicio-de-la-ruta-191\/whatsapp-image-2021-02-08-at-17-55-40-1\/\" data-orig-file=\"https:\/\/eldiariodesanpedro.com.ar\/sitio\/wp-content\/uploads\/2021\/02\/WhatsApp-Image-2021-02-08-at-17.55.40-1.jpeg\" data-orig-size=\"687,477\" data-comments-opened=\"1\" data-image-meta=\"{&quot;aperture&quot;:&quot;0&quot;,&quot;credit&quot;:&quot;&quot;,&quot;camera&quot;:&quot;&quot;,&quot;caption&quot;:&quot;&quot;,&quot;created_timestamp&quot;:&quot;0&quot;,&quot;copyright&quot;:&quot;&quot;,&quot;focal_length&quot;:&quot;0&quot;,&quot;iso&quot;:&quot;0&quot;,&quot;shutter_speed&quot;:&quot;0&quot;,&quot;title&quot;:&quot;&quot;,&quot;orientation&quot;:&quot;0&quot;}\" data-image-title=\"WhatsApp Image 2021-02-08 at 17.55.40 (1)\" data-image-description=\"\" data-image-caption=\"\" data-large-file=\"https:\/\/eldiariodesanpedro.com.ar\/sitio\/wp-content\/uploads\/2021\/02\/WhatsApp-Image-2021-02-08-at-17.55.40-1.jpeg\" data-src=\"https:\/\/eldiariodesanpedro.com.ar\/sitio\/wp-content\/uploads\/2021\/02\/WhatsApp-Image-2021-02-08-at-17.55.40-1.jpeg\" alt=\"\" class=\"wp-image-87334 lazyload\" data-srcset=\"https:\/\/eldiariodesanpedro.com.ar\/sitio\/wp-content\/uploads\/2021\/02\/WhatsApp-Image-2021-02-08-at-17.55.40-1.jpeg 687w, https:\/\/eldiariodesanpedro.com.ar\/sitio\/wp-content\/uploads\/2021\/02\/WhatsApp-Image-2021-02-08-at-17.55.40-1-300x208.jpeg 300w\" data-sizes=\"(max-width: 687px) 100vw, 687px\" src=\"data:image\/svg+xml;base64,PHN2ZyB3aWR0aD0iMSIgaGVpZ2h0PSIxIiB4bWxucz0iaHR0cDovL3d3dy53My5vcmcvMjAwMC9zdmciPjwvc3ZnPg==\" style=\"--smush-placeholder-width: 687px; --smush-placeholder-aspect-ratio: 687\/477;\" \/><\/figure>\n","protected":false},"excerpt":{"rendered":"<p>La Ruta 191 que comienza en el Puerto de San Pedro, ser\u00e1 reparada en el tramo que va desde el acceso a los muelles hasta el edificio central del Consorcio con una tarea que llevar\u00e1 adelante la administraci\u00f3n del puerto, a partir del pr\u00f3ximo 17 de febrero. Luego de gestiones realizadas ante la Secretar\u00eda de [&hellip;]<\/p>\n","protected":false},"author":4,"featured_media":87336,"comment_status":"open","ping_status":"closed","sticky":false,"template":"","format":"standard","meta":{"om_disable_all_campaigns":false,"_jetpack_memberships_contains_paid_content":false,"footnotes":""},"categories":[50,101,2],"tags":[],"class_list":["post-87333","post","type-post","status-publish","format-standard","has-post-thumbnail","hentry","category-destacadas","category-interes-general-locales","category-locales"],"aioseo_notices":[],"gutentor_comment":0,"jetpack_featured_media_url":"https:\/\/eldiariodesanpedro.com.ar\/sitio\/wp-content\/uploads\/2021\/02\/WhatsApp-Image-2021-02-08-at-17.55.41.jpeg","jetpack_shortlink":"https:\/\/wp.me\/p6RhLt-mIB","jetpack_sharing_enabled":true,"_links":{"self":[{"href":"https:\/\/eldiariodesanpedro.com.ar\/sitio\/wp-json\/wp\/v2\/posts\/87333","targetHints":{"allow":["GET"]}}],"collection":[{"href":"https:\/\/eldiariodesanpedro.com.ar\/sitio\/wp-json\/wp\/v2\/posts"}],"about":[{"href":"https:\/\/eldiariodesanpedro.com.ar\/sitio\/wp-json\/wp\/v2\/types\/post"}],"author":[{"embeddable":true,"href":"https:\/\/eldiariodesanpedro.com.ar\/sitio\/wp-json\/wp\/v2\/users\/4"}],"replies":[{"embeddable":true,"href":"https:\/\/eldiariodesanpedro.com.ar\/sitio\/wp-json\/wp\/v2\/comments?post=87333"}],"version-history":[{"count":1,"href":"https:\/\/eldiariodesanpedro.com.ar\/sitio\/wp-json\/wp\/v2\/posts\/87333\/revisions"}],"predecessor-version":[{"id":87337,"href":"https:\/\/eldiariodesanpedro.com.ar\/sitio\/wp-json\/wp\/v2\/posts\/87333\/revisions\/87337"}],"wp:featuredmedia":[{"embeddable":true,"href":"https:\/\/eldiariodesanpedro.com.ar\/sitio\/wp-json\/wp\/v2\/media\/87336"}],"wp:attachment":[{"href":"https:\/\/eldiariodesanpedro.com.ar\/sitio\/wp-json\/wp\/v2\/media?parent=87333"}],"wp:term":[{"taxonomy":"category","embeddable":true,"href":"https:\/\/eldiariodesanpedro.com.ar\/sitio\/wp-json\/wp\/v2\/categories?post=87333"},{"taxonomy":"post_tag","embeddable":true,"href":"https:\/\/eldiariodesanpedro.com.ar\/sitio\/wp-json\/wp\/v2\/tags?post=87333"}],"curies":[{"name":"wp","href":"https:\/\/api.w.org\/{rel}","templated":true}]}}