{"id":87330,"date":"2021-02-08T17:42:38","date_gmt":"2021-02-08T20:42:38","guid":{"rendered":"https:\/\/eldiariodesanpedro.com.ar\/sitio\/?p=87330"},"modified":"2021-02-08T17:42:39","modified_gmt":"2021-02-08T20:42:39","slug":"coordinacion-con-delegados-para-la-implementacion-del-control-de-plagas","status":"publish","type":"post","link":"https:\/\/eldiariodesanpedro.com.ar\/sitio\/coordinacion-con-delegados-para-la-implementacion-del-control-de-plagas\/","title":{"rendered":"Coordinaci\u00f3n con delegados para la implementaci\u00f3n del control de plagas"},"content":{"rendered":"<!-- VideographyWP Plugin Message: Automatic video embedding prevented by plugin options. -->\n\n<p>Esta ma\u00f1ana en la Casona de la Secretar\u00eda de Turismo que tambi\u00e9n ha sumado el funcionamiento del equipo de la Secretar\u00eda de Desarrollo Econ\u00f3mico, se reunieron los delegados de las localidades del Partido con la Secretaria Marcela Cu\u00f1er y el equipo de la Coordinaci\u00f3n de Producci\u00f3n.<\/p>\n\n\n\n<p>Los delegados Ana Luchesi de R\u00edo Tala, Jorge Mc Inerny de Santa Luc\u00eda, Hugo Borda de Vuelta de Obligado y \u00c1ngel \u00c1lvarez de Gobernador Castro recibieron informaci\u00f3n para poder inscribir en sus localidades a los productores que deseen sumarse al plan de control de plagas que se intenta implementar a la brevedad. Por tal motivo m\u00e1s temprano se inform\u00f3 la apertura del registro para que informen sus datos quienes hayan detectado focos de cotorras, para poder ser incorporados al grupo con el que se trabajar\u00e1 a partir de los avances que han producido con la Direcci\u00f3n Provincial de Protecci\u00f3n Vegetal del Ministerio de Desarrollo Agrario de la Provincia de Buenos Aires.<\/p>\n","protected":false},"excerpt":{"rendered":"<p>Esta ma\u00f1ana en la Casona de la Secretar\u00eda de Turismo que tambi\u00e9n ha sumado el funcionamiento del equipo de la Secretar\u00eda de Desarrollo Econ\u00f3mico, se reunieron los delegados de las localidades del Partido con la Secretaria Marcela Cu\u00f1er y el equipo de la Coordinaci\u00f3n de Producci\u00f3n. Los delegados Ana Luchesi de R\u00edo Tala, Jorge Mc [&hellip;]<\/p>\n","protected":false},"author":4,"featured_media":87331,"comment_status":"open","ping_status":"closed","sticky":false,"template":"","format":"standard","meta":{"om_disable_all_campaigns":false,"_jetpack_memberships_contains_paid_content":false,"footnotes":""},"categories":[101,2],"tags":[],"class_list":["post-87330","post","type-post","status-publish","format-standard","has-post-thumbnail","hentry","category-interes-general-locales","category-locales"],"aioseo_notices":[],"gutentor_comment":0,"jetpack_featured_media_url":"https:\/\/eldiariodesanpedro.com.ar\/sitio\/wp-content\/uploads\/2021\/02\/WhatsApp-Image-2021-02-08-at-17.02.35.jpeg","jetpack_shortlink":"https:\/\/wp.me\/p6RhLt-mIy","jetpack_sharing_enabled":true,"_links":{"self":[{"href":"https:\/\/eldiariodesanpedro.com.ar\/sitio\/wp-json\/wp\/v2\/posts\/87330","targetHints":{"allow":["GET"]}}],"collection":[{"href":"https:\/\/eldiariodesanpedro.com.ar\/sitio\/wp-json\/wp\/v2\/posts"}],"about":[{"href":"https:\/\/eldiariodesanpedro.com.ar\/sitio\/wp-json\/wp\/v2\/types\/post"}],"author":[{"embeddable":true,"href":"https:\/\/eldiariodesanpedro.com.ar\/sitio\/wp-json\/wp\/v2\/users\/4"}],"replies":[{"embeddable":true,"href":"https:\/\/eldiariodesanpedro.com.ar\/sitio\/wp-json\/wp\/v2\/comments?post=87330"}],"version-history":[{"count":1,"href":"https:\/\/eldiariodesanpedro.com.ar\/sitio\/wp-json\/wp\/v2\/posts\/87330\/revisions"}],"predecessor-version":[{"id":87332,"href":"https:\/\/eldiariodesanpedro.com.ar\/sitio\/wp-json\/wp\/v2\/posts\/87330\/revisions\/87332"}],"wp:featuredmedia":[{"embeddable":true,"href":"https:\/\/eldiariodesanpedro.com.ar\/sitio\/wp-json\/wp\/v2\/media\/87331"}],"wp:attachment":[{"href":"https:\/\/eldiariodesanpedro.com.ar\/sitio\/wp-json\/wp\/v2\/media?parent=87330"}],"wp:term":[{"taxonomy":"category","embeddable":true,"href":"https:\/\/eldiariodesanpedro.com.ar\/sitio\/wp-json\/wp\/v2\/categories?post=87330"},{"taxonomy":"post_tag","embeddable":true,"href":"https:\/\/eldiariodesanpedro.com.ar\/sitio\/wp-json\/wp\/v2\/tags?post=87330"}],"curies":[{"name":"wp","href":"https:\/\/api.w.org\/{rel}","templated":true}]}}