{"id":87326,"date":"2021-02-08T17:36:35","date_gmt":"2021-02-08T20:36:35","guid":{"rendered":"https:\/\/eldiariodesanpedro.com.ar\/sitio\/?p=87326"},"modified":"2021-02-08T17:36:36","modified_gmt":"2021-02-08T20:36:36","slug":"firma-de-contrato-para-53-cuadras-de-pavimento-en-barrios-futuro-y-estrada","status":"publish","type":"post","link":"https:\/\/eldiariodesanpedro.com.ar\/sitio\/firma-de-contrato-para-53-cuadras-de-pavimento-en-barrios-futuro-y-estrada\/","title":{"rendered":"Firma de contrato para 53 cuadras de pavimento en Barrios Futuro y Estrada"},"content":{"rendered":"<!-- VideographyWP Plugin Message: Automatic video embedding prevented by plugin options. -->\n\n<p>Consolidando una proyecci\u00f3n para la que se viene trabajando intensamente en esta nueva etapa de la gesti\u00f3n del Intendente Cecilio Salazar, se concret\u00f3 esta ma\u00f1ana la adjudicaci\u00f3n de una importante obra de pavimentaci\u00f3n encuadrada dentro del \u00abPrograma Argentina Hace 2\u00bb, impulsada por el Ministerio de Obras P\u00fablicas de la Naci\u00f3n.<br>En la continuidad de los pasos formales hacia el inicio de varias obras proyectadas, hoy se firm\u00f3 el contrato con la empresa IARSA que llevar\u00e1 adelante la pavimentaci\u00f3n de 53 cuadras en los Barrios Futuro y Estrada.<\/p>\n\n\n\n<p>El Partido de San Pedro y sus localidades cuentan con proyectos de corto y mediano plazo para recuperar la din\u00e1mica de obras que transforman la calidad de vida de los vecinos, en una impronta que caracteriz\u00f3 al gobierno actual.<\/p>\n\n\n\n<p>En un a\u00f1o en el que estas acciones ser\u00e1n fundamentales para reactivar la econom\u00eda y las fuentes de trabajo, desde San Pedro se fortalece un v\u00ednculo directo con los gobiernos de Naci\u00f3n y Provincia, que genera una excelente perspectiva.<\/p>\n\n\n\n<p>La tarea realizada por el equipo de la Secretar\u00eda de Obras P\u00fablicas al que se ha sumado el Dr. Javier Silva sigue concretando avances importantes y est\u00e1n pr\u00f3ximas a su firma otras obras de relevancia.<\/p>\n\n\n\n<p>En el acto de hoy estuvieron presentes el Intendente Cecilio Salazar, los secretarios de Coordinaci\u00f3n Ram\u00f3n Salazar, de Econom\u00eda Fabi\u00e1n Rodr\u00edguez, Javier Silva en representaci\u00f3n de Obras P\u00fablicas, la presidente del HCD M\u00f3nica Otero, concejales municipales y funcionarios de diferentes \u00e1reas. La empresa IARSA estuvo representada por el Ingeniero Alberto Reano.<\/p>\n\n\n\n<p>Tras la firma de hoy se estima que los primeros movimientos para la obra se estar\u00e1n dando en los pr\u00f3ximos quince d\u00edas.<\/p>\n\n\n\n<figure class=\"wp-block-image size-large\"><img decoding=\"async\" width=\"1024\" height=\"638\" data-attachment-id=\"87328\" data-permalink=\"https:\/\/eldiariodesanpedro.com.ar\/sitio\/firma-de-contrato-para-53-cuadras-de-pavimento-en-barrios-futuro-y-estrada\/whatsapp-image-2021-02-08-at-15-20-01\/\" data-orig-file=\"https:\/\/eldiariodesanpedro.com.ar\/sitio\/wp-content\/uploads\/2021\/02\/WhatsApp-Image-2021-02-08-at-15.20.01.jpeg\" data-orig-size=\"1280,798\" data-comments-opened=\"1\" data-image-meta=\"{&quot;aperture&quot;:&quot;0&quot;,&quot;credit&quot;:&quot;&quot;,&quot;camera&quot;:&quot;&quot;,&quot;caption&quot;:&quot;&quot;,&quot;created_timestamp&quot;:&quot;0&quot;,&quot;copyright&quot;:&quot;&quot;,&quot;focal_length&quot;:&quot;0&quot;,&quot;iso&quot;:&quot;0&quot;,&quot;shutter_speed&quot;:&quot;0&quot;,&quot;title&quot;:&quot;&quot;,&quot;orientation&quot;:&quot;0&quot;}\" data-image-title=\"WhatsApp Image 2021-02-08 at 15.20.01\" data-image-description=\"\" data-image-caption=\"\" data-large-file=\"https:\/\/eldiariodesanpedro.com.ar\/sitio\/wp-content\/uploads\/2021\/02\/WhatsApp-Image-2021-02-08-at-15.20.01-1024x638.jpeg\" data-src=\"https:\/\/eldiariodesanpedro.com.ar\/sitio\/wp-content\/uploads\/2021\/02\/WhatsApp-Image-2021-02-08-at-15.20.01-1024x638.jpeg\" alt=\"\" class=\"wp-image-87328 lazyload\" data-srcset=\"https:\/\/eldiariodesanpedro.com.ar\/sitio\/wp-content\/uploads\/2021\/02\/WhatsApp-Image-2021-02-08-at-15.20.01-1024x638.jpeg 1024w, https:\/\/eldiariodesanpedro.com.ar\/sitio\/wp-content\/uploads\/2021\/02\/WhatsApp-Image-2021-02-08-at-15.20.01-300x187.jpeg 300w, https:\/\/eldiariodesanpedro.com.ar\/sitio\/wp-content\/uploads\/2021\/02\/WhatsApp-Image-2021-02-08-at-15.20.01-768x479.jpeg 768w, https:\/\/eldiariodesanpedro.com.ar\/sitio\/wp-content\/uploads\/2021\/02\/WhatsApp-Image-2021-02-08-at-15.20.01.jpeg 1280w\" data-sizes=\"(max-width: 1024px) 100vw, 1024px\" src=\"data:image\/svg+xml;base64,PHN2ZyB3aWR0aD0iMSIgaGVpZ2h0PSIxIiB4bWxucz0iaHR0cDovL3d3dy53My5vcmcvMjAwMC9zdmciPjwvc3ZnPg==\" style=\"--smush-placeholder-width: 1024px; --smush-placeholder-aspect-ratio: 1024\/638;\" \/><\/figure>\n","protected":false},"excerpt":{"rendered":"<p>Consolidando una proyecci\u00f3n para la que se viene trabajando intensamente en esta nueva etapa de la gesti\u00f3n del Intendente Cecilio Salazar, se concret\u00f3 esta ma\u00f1ana la adjudicaci\u00f3n de una importante obra de pavimentaci\u00f3n encuadrada dentro del \u00abPrograma Argentina Hace 2\u00bb, impulsada por el Ministerio de Obras P\u00fablicas de la Naci\u00f3n.En la continuidad de los pasos [&hellip;]<\/p>\n","protected":false},"author":4,"featured_media":87327,"comment_status":"open","ping_status":"closed","sticky":false,"template":"","format":"standard","meta":{"om_disable_all_campaigns":false,"_jetpack_memberships_contains_paid_content":false,"footnotes":""},"categories":[101,2],"tags":[],"class_list":["post-87326","post","type-post","status-publish","format-standard","has-post-thumbnail","hentry","category-interes-general-locales","category-locales"],"aioseo_notices":[],"gutentor_comment":0,"jetpack_featured_media_url":"https:\/\/eldiariodesanpedro.com.ar\/sitio\/wp-content\/uploads\/2021\/02\/WhatsApp-Image-2021-02-08-at-15.20.02.jpeg","jetpack_shortlink":"https:\/\/wp.me\/p6RhLt-mIu","jetpack_sharing_enabled":true,"_links":{"self":[{"href":"https:\/\/eldiariodesanpedro.com.ar\/sitio\/wp-json\/wp\/v2\/posts\/87326","targetHints":{"allow":["GET"]}}],"collection":[{"href":"https:\/\/eldiariodesanpedro.com.ar\/sitio\/wp-json\/wp\/v2\/posts"}],"about":[{"href":"https:\/\/eldiariodesanpedro.com.ar\/sitio\/wp-json\/wp\/v2\/types\/post"}],"author":[{"embeddable":true,"href":"https:\/\/eldiariodesanpedro.com.ar\/sitio\/wp-json\/wp\/v2\/users\/4"}],"replies":[{"embeddable":true,"href":"https:\/\/eldiariodesanpedro.com.ar\/sitio\/wp-json\/wp\/v2\/comments?post=87326"}],"version-history":[{"count":1,"href":"https:\/\/eldiariodesanpedro.com.ar\/sitio\/wp-json\/wp\/v2\/posts\/87326\/revisions"}],"predecessor-version":[{"id":87329,"href":"https:\/\/eldiariodesanpedro.com.ar\/sitio\/wp-json\/wp\/v2\/posts\/87326\/revisions\/87329"}],"wp:featuredmedia":[{"embeddable":true,"href":"https:\/\/eldiariodesanpedro.com.ar\/sitio\/wp-json\/wp\/v2\/media\/87327"}],"wp:attachment":[{"href":"https:\/\/eldiariodesanpedro.com.ar\/sitio\/wp-json\/wp\/v2\/media?parent=87326"}],"wp:term":[{"taxonomy":"category","embeddable":true,"href":"https:\/\/eldiariodesanpedro.com.ar\/sitio\/wp-json\/wp\/v2\/categories?post=87326"},{"taxonomy":"post_tag","embeddable":true,"href":"https:\/\/eldiariodesanpedro.com.ar\/sitio\/wp-json\/wp\/v2\/tags?post=87326"}],"curies":[{"name":"wp","href":"https:\/\/api.w.org\/{rel}","templated":true}]}}