{"id":87322,"date":"2021-02-08T12:38:05","date_gmt":"2021-02-08T15:38:05","guid":{"rendered":"https:\/\/eldiariodesanpedro.com.ar\/sitio\/?p=87322"},"modified":"2021-02-08T12:38:09","modified_gmt":"2021-02-08T15:38:09","slug":"edicto-de-sucesion-de-abel-marone-pierangelli","status":"publish","type":"post","link":"https:\/\/eldiariodesanpedro.com.ar\/sitio\/edicto-de-sucesion-de-abel-marone-pierangelli\/","title":{"rendered":"Edicto de Sucesi\u00f3n de Abel Marone Pierangelli"},"content":{"rendered":"<!-- VideographyWP Plugin Message: Automatic video embedding prevented by plugin options. -->\n\n<p>El Juzgado de Paz Letrado de la ciudad de San Pedro, Departamento Judicial de San Nicol\u00e1s, cita y emplaza por el t\u00e9rmino de (30) d\u00edas a herederos y acreedores del Sr. <strong>Pierangelli, Abel Marone<\/strong>.- San Pedro, 08 de Febrero de 2.021. \u00a0\u00a0<\/p>\n\n\n\n<p>FACUNDO VELLON<br>ABOGADO SECRETARIO<\/p>\n","protected":false},"excerpt":{"rendered":"<p>El Juzgado de Paz Letrado de la ciudad de San Pedro, Departamento Judicial de San Nicol\u00e1s, cita y emplaza por el t\u00e9rmino de (30) d\u00edas a herederos y acreedores del Sr. Pierangelli, Abel Marone.- San Pedro, 08 de Febrero de 2.021. \u00a0\u00a0 FACUNDO VELLONABOGADO SECRETARIO<\/p>\n","protected":false},"author":4,"featured_media":81115,"comment_status":"open","ping_status":"closed","sticky":false,"template":"","format":"standard","meta":{"om_disable_all_campaigns":false,"_jetpack_memberships_contains_paid_content":false,"footnotes":""},"categories":[676,677],"tags":[2119,2111],"class_list":["post-87322","post","type-post","status-publish","format-standard","has-post-thumbnail","hentry","category-edictos","category-edictos-sucesorios","tag-abel-marone-pierangelli","tag-edicto-de-sucesion"],"aioseo_notices":[],"gutentor_comment":0,"jetpack_featured_media_url":"https:\/\/eldiariodesanpedro.com.ar\/sitio\/wp-content\/uploads\/2020\/09\/Poder-Judicial.jpg","jetpack_shortlink":"https:\/\/wp.me\/p6RhLt-mIq","jetpack_sharing_enabled":true,"_links":{"self":[{"href":"https:\/\/eldiariodesanpedro.com.ar\/sitio\/wp-json\/wp\/v2\/posts\/87322","targetHints":{"allow":["GET"]}}],"collection":[{"href":"https:\/\/eldiariodesanpedro.com.ar\/sitio\/wp-json\/wp\/v2\/posts"}],"about":[{"href":"https:\/\/eldiariodesanpedro.com.ar\/sitio\/wp-json\/wp\/v2\/types\/post"}],"author":[{"embeddable":true,"href":"https:\/\/eldiariodesanpedro.com.ar\/sitio\/wp-json\/wp\/v2\/users\/4"}],"replies":[{"embeddable":true,"href":"https:\/\/eldiariodesanpedro.com.ar\/sitio\/wp-json\/wp\/v2\/comments?post=87322"}],"version-history":[{"count":1,"href":"https:\/\/eldiariodesanpedro.com.ar\/sitio\/wp-json\/wp\/v2\/posts\/87322\/revisions"}],"predecessor-version":[{"id":87323,"href":"https:\/\/eldiariodesanpedro.com.ar\/sitio\/wp-json\/wp\/v2\/posts\/87322\/revisions\/87323"}],"wp:featuredmedia":[{"embeddable":true,"href":"https:\/\/eldiariodesanpedro.com.ar\/sitio\/wp-json\/wp\/v2\/media\/81115"}],"wp:attachment":[{"href":"https:\/\/eldiariodesanpedro.com.ar\/sitio\/wp-json\/wp\/v2\/media?parent=87322"}],"wp:term":[{"taxonomy":"category","embeddable":true,"href":"https:\/\/eldiariodesanpedro.com.ar\/sitio\/wp-json\/wp\/v2\/categories?post=87322"},{"taxonomy":"post_tag","embeddable":true,"href":"https:\/\/eldiariodesanpedro.com.ar\/sitio\/wp-json\/wp\/v2\/tags?post=87322"}],"curies":[{"name":"wp","href":"https:\/\/api.w.org\/{rel}","templated":true}]}}