{"id":87319,"date":"2021-02-08T12:34:01","date_gmt":"2021-02-08T15:34:01","guid":{"rendered":"https:\/\/eldiariodesanpedro.com.ar\/sitio\/?p=87319"},"modified":"2021-02-08T12:34:05","modified_gmt":"2021-02-08T15:34:05","slug":"la-red-de-empleo-recorrera-las-localidades","status":"publish","type":"post","link":"https:\/\/eldiariodesanpedro.com.ar\/sitio\/la-red-de-empleo-recorrera-las-localidades\/","title":{"rendered":"La Red de Empleo recorrer\u00e1 las localidades"},"content":{"rendered":"<!-- VideographyWP Plugin Message: Automatic video embedding prevented by plugin options. -->\n\n<p>La Secretar\u00eda de Desarrollo Econ\u00f3mico de la Municipalidad de San Pedro informa que a trav\u00e9s de la Oficina de Empleo se ha dispuesto la apertura de puntos de atenci\u00f3n en las localidades con fechas y horarios especiales poniendo en funcionamiento la Red de Servicios de Empleo del Ministerio de Trabajo.<\/p>\n\n\n\n<p>Ma\u00f1ana martes 9 de febrero el personal estar\u00e1 en la delegaci\u00f3n municipal de Gobernador Castro, el 10 de febrero en Vuelta de Obligado, el 23 de febrero en R\u00edo Tala y el 24 de febrero en Santa Luc\u00eda. El horario de atenci\u00f3n ser\u00e1 de 9 a 13 y all\u00ed podr\u00e1n consultar sobre los programas vigentes y solicitar orientaci\u00f3n e informaci\u00f3n sobre los servicios que brinda la oficina.<\/p>\n","protected":false},"excerpt":{"rendered":"<p>La Secretar\u00eda de Desarrollo Econ\u00f3mico de la Municipalidad de San Pedro informa que a trav\u00e9s de la Oficina de Empleo se ha dispuesto la apertura de puntos de atenci\u00f3n en las localidades con fechas y horarios especiales poniendo en funcionamiento la Red de Servicios de Empleo del Ministerio de Trabajo. Ma\u00f1ana martes 9 de febrero [&hellip;]<\/p>\n","protected":false},"author":4,"featured_media":87320,"comment_status":"open","ping_status":"closed","sticky":false,"template":"","format":"standard","meta":{"om_disable_all_campaigns":false,"_jetpack_memberships_contains_paid_content":false,"footnotes":""},"categories":[101,2],"tags":[],"class_list":["post-87319","post","type-post","status-publish","format-standard","has-post-thumbnail","hentry","category-interes-general-locales","category-locales"],"aioseo_notices":[],"gutentor_comment":0,"jetpack_featured_media_url":"https:\/\/eldiariodesanpedro.com.ar\/sitio\/wp-content\/uploads\/2021\/02\/WhatsApp-Image-2021-02-08-at-12.19.31.jpeg","jetpack_shortlink":"https:\/\/wp.me\/p6RhLt-mIn","jetpack_sharing_enabled":true,"_links":{"self":[{"href":"https:\/\/eldiariodesanpedro.com.ar\/sitio\/wp-json\/wp\/v2\/posts\/87319","targetHints":{"allow":["GET"]}}],"collection":[{"href":"https:\/\/eldiariodesanpedro.com.ar\/sitio\/wp-json\/wp\/v2\/posts"}],"about":[{"href":"https:\/\/eldiariodesanpedro.com.ar\/sitio\/wp-json\/wp\/v2\/types\/post"}],"author":[{"embeddable":true,"href":"https:\/\/eldiariodesanpedro.com.ar\/sitio\/wp-json\/wp\/v2\/users\/4"}],"replies":[{"embeddable":true,"href":"https:\/\/eldiariodesanpedro.com.ar\/sitio\/wp-json\/wp\/v2\/comments?post=87319"}],"version-history":[{"count":1,"href":"https:\/\/eldiariodesanpedro.com.ar\/sitio\/wp-json\/wp\/v2\/posts\/87319\/revisions"}],"predecessor-version":[{"id":87321,"href":"https:\/\/eldiariodesanpedro.com.ar\/sitio\/wp-json\/wp\/v2\/posts\/87319\/revisions\/87321"}],"wp:featuredmedia":[{"embeddable":true,"href":"https:\/\/eldiariodesanpedro.com.ar\/sitio\/wp-json\/wp\/v2\/media\/87320"}],"wp:attachment":[{"href":"https:\/\/eldiariodesanpedro.com.ar\/sitio\/wp-json\/wp\/v2\/media?parent=87319"}],"wp:term":[{"taxonomy":"category","embeddable":true,"href":"https:\/\/eldiariodesanpedro.com.ar\/sitio\/wp-json\/wp\/v2\/categories?post=87319"},{"taxonomy":"post_tag","embeddable":true,"href":"https:\/\/eldiariodesanpedro.com.ar\/sitio\/wp-json\/wp\/v2\/tags?post=87319"}],"curies":[{"name":"wp","href":"https:\/\/api.w.org\/{rel}","templated":true}]}}