{"id":87316,"date":"2021-02-08T12:27:26","date_gmt":"2021-02-08T15:27:26","guid":{"rendered":"https:\/\/eldiariodesanpedro.com.ar\/sitio\/?p=87316"},"modified":"2021-02-08T12:27:29","modified_gmt":"2021-02-08T15:27:29","slug":"un-nino-de-11-anos-aprehendido-por-el-robo-de-cables","status":"publish","type":"post","link":"https:\/\/eldiariodesanpedro.com.ar\/sitio\/un-nino-de-11-anos-aprehendido-por-el-robo-de-cables\/","title":{"rendered":"Un ni\u00f1o de 11 a\u00f1os aprehendido por el robo de cables"},"content":{"rendered":"<!-- VideographyWP Plugin Message: Automatic video embedding prevented by plugin options. -->\n\n<p>El hecho ocurri\u00f3 este s\u00e1bado cuando la polic\u00eda del Destacamento de Gobernador Castro debi\u00f3 realizar la aprehensi\u00f3n de un menor de edad por el robo de cables en un campo.<\/p>\n\n\n\n<p>En calle Sarmiento de la vecina localidad la polic\u00eda lleva a cabo la aprehensi\u00f3n de un ni\u00f1o de 11 a\u00f1os de edad a quien se le secuestr\u00f3 treinta metros de cable que fue sustra\u00eddo de un campo de doma perteneciente a la Agrupaci\u00f3n El Ceibo. El menor fue reconocido por el presidente de la entidad Javier Formoso quien realiz\u00f3 la correspondiente denuncia.<\/p>\n\n\n\n<p>El menor por su parte fue informado a la UFI del Joven de San Nicol\u00e1s y luego entregado a sus progenitores.<\/p>\n","protected":false},"excerpt":{"rendered":"<p>El hecho ocurri\u00f3 este s\u00e1bado cuando la polic\u00eda del Destacamento de Gobernador Castro debi\u00f3 realizar la aprehensi\u00f3n de un menor de edad por el robo de cables en un campo. En calle Sarmiento de la vecina localidad la polic\u00eda lleva a cabo la aprehensi\u00f3n de un ni\u00f1o de 11 a\u00f1os de edad a quien se [&hellip;]<\/p>\n","protected":false},"author":4,"featured_media":87317,"comment_status":"open","ping_status":"closed","sticky":false,"template":"","format":"standard","meta":{"om_disable_all_campaigns":false,"_jetpack_memberships_contains_paid_content":false,"footnotes":""},"categories":[50,2,103],"tags":[],"class_list":["post-87316","post","type-post","status-publish","format-standard","has-post-thumbnail","hentry","category-destacadas","category-locales","category-policiales-locales"],"aioseo_notices":[],"gutentor_comment":0,"jetpack_featured_media_url":"https:\/\/eldiariodesanpedro.com.ar\/sitio\/wp-content\/uploads\/2021\/02\/esclarecimiento-robo-de-castro-1.jpeg","jetpack_shortlink":"https:\/\/wp.me\/p6RhLt-mIk","jetpack_sharing_enabled":true,"_links":{"self":[{"href":"https:\/\/eldiariodesanpedro.com.ar\/sitio\/wp-json\/wp\/v2\/posts\/87316","targetHints":{"allow":["GET"]}}],"collection":[{"href":"https:\/\/eldiariodesanpedro.com.ar\/sitio\/wp-json\/wp\/v2\/posts"}],"about":[{"href":"https:\/\/eldiariodesanpedro.com.ar\/sitio\/wp-json\/wp\/v2\/types\/post"}],"author":[{"embeddable":true,"href":"https:\/\/eldiariodesanpedro.com.ar\/sitio\/wp-json\/wp\/v2\/users\/4"}],"replies":[{"embeddable":true,"href":"https:\/\/eldiariodesanpedro.com.ar\/sitio\/wp-json\/wp\/v2\/comments?post=87316"}],"version-history":[{"count":1,"href":"https:\/\/eldiariodesanpedro.com.ar\/sitio\/wp-json\/wp\/v2\/posts\/87316\/revisions"}],"predecessor-version":[{"id":87318,"href":"https:\/\/eldiariodesanpedro.com.ar\/sitio\/wp-json\/wp\/v2\/posts\/87316\/revisions\/87318"}],"wp:featuredmedia":[{"embeddable":true,"href":"https:\/\/eldiariodesanpedro.com.ar\/sitio\/wp-json\/wp\/v2\/media\/87317"}],"wp:attachment":[{"href":"https:\/\/eldiariodesanpedro.com.ar\/sitio\/wp-json\/wp\/v2\/media?parent=87316"}],"wp:term":[{"taxonomy":"category","embeddable":true,"href":"https:\/\/eldiariodesanpedro.com.ar\/sitio\/wp-json\/wp\/v2\/categories?post=87316"},{"taxonomy":"post_tag","embeddable":true,"href":"https:\/\/eldiariodesanpedro.com.ar\/sitio\/wp-json\/wp\/v2\/tags?post=87316"}],"curies":[{"name":"wp","href":"https:\/\/api.w.org\/{rel}","templated":true}]}}