{"id":87314,"date":"2021-02-08T12:17:07","date_gmt":"2021-02-08T15:17:07","guid":{"rendered":"https:\/\/eldiariodesanpedro.com.ar\/sitio\/?p=87314"},"modified":"2021-02-08T12:17:08","modified_gmt":"2021-02-08T15:17:08","slug":"la-policia-desbarato-dos-fiestas-clandestinas","status":"publish","type":"post","link":"https:\/\/eldiariodesanpedro.com.ar\/sitio\/la-policia-desbarato-dos-fiestas-clandestinas\/","title":{"rendered":"La polic\u00eda desbarato dos fiestas clandestinas"},"content":{"rendered":"<!-- VideographyWP Plugin Message: Automatic video embedding prevented by plugin options. -->\n\n<p>Durante la madrugada de este domingo la polic\u00eda de nuestra ciudad llev\u00f3 a cabo la clausura de dos fiestas clandestinas.<\/p>\n\n\n\n<p>Los hechos ocurrieron en primer lugar en una vivienda ubicada en calle Italia al 400 donde un joven de 21 a\u00f1os ser\u00eda el organizador y quien fue trasladado hasta la comisar\u00eda local donde se le inform\u00f3 sobre la causa y se inform\u00f3 al Juzgado de Faltas para otorgar la correspondiente denuncia.<\/p>\n\n\n\n<p>La otra fiesta desbaratada ocurri\u00f3 en calle Joaqu\u00edn V. Gonzalez al 1800 donde se realizaba otra fiesta clandestina en donde fue informada una mujer de 50 a\u00f1os de edad quien ser\u00eda la organizadora quien tambi\u00e9n se deber\u00e1 presentar en el Juzgado de Faltas para la correspondiente multa.<\/p>\n","protected":false},"excerpt":{"rendered":"<p>Durante la madrugada de este domingo la polic\u00eda de nuestra ciudad llev\u00f3 a cabo la clausura de dos fiestas clandestinas. Los hechos ocurrieron en primer lugar en una vivienda ubicada en calle Italia al 400 donde un joven de 21 a\u00f1os ser\u00eda el organizador y quien fue trasladado hasta la comisar\u00eda local donde se le [&hellip;]<\/p>\n","protected":false},"author":4,"featured_media":77860,"comment_status":"open","ping_status":"closed","sticky":false,"template":"","format":"standard","meta":{"om_disable_all_campaigns":false,"_jetpack_memberships_contains_paid_content":false,"footnotes":""},"categories":[50,2,103],"tags":[],"class_list":["post-87314","post","type-post","status-publish","format-standard","has-post-thumbnail","hentry","category-destacadas","category-locales","category-policiales-locales"],"aioseo_notices":[],"gutentor_comment":0,"jetpack_featured_media_url":"https:\/\/eldiariodesanpedro.com.ar\/sitio\/wp-content\/uploads\/2020\/07\/000085506.jpg","jetpack_shortlink":"https:\/\/wp.me\/p6RhLt-mIi","jetpack_sharing_enabled":true,"_links":{"self":[{"href":"https:\/\/eldiariodesanpedro.com.ar\/sitio\/wp-json\/wp\/v2\/posts\/87314","targetHints":{"allow":["GET"]}}],"collection":[{"href":"https:\/\/eldiariodesanpedro.com.ar\/sitio\/wp-json\/wp\/v2\/posts"}],"about":[{"href":"https:\/\/eldiariodesanpedro.com.ar\/sitio\/wp-json\/wp\/v2\/types\/post"}],"author":[{"embeddable":true,"href":"https:\/\/eldiariodesanpedro.com.ar\/sitio\/wp-json\/wp\/v2\/users\/4"}],"replies":[{"embeddable":true,"href":"https:\/\/eldiariodesanpedro.com.ar\/sitio\/wp-json\/wp\/v2\/comments?post=87314"}],"version-history":[{"count":1,"href":"https:\/\/eldiariodesanpedro.com.ar\/sitio\/wp-json\/wp\/v2\/posts\/87314\/revisions"}],"predecessor-version":[{"id":87315,"href":"https:\/\/eldiariodesanpedro.com.ar\/sitio\/wp-json\/wp\/v2\/posts\/87314\/revisions\/87315"}],"wp:featuredmedia":[{"embeddable":true,"href":"https:\/\/eldiariodesanpedro.com.ar\/sitio\/wp-json\/wp\/v2\/media\/77860"}],"wp:attachment":[{"href":"https:\/\/eldiariodesanpedro.com.ar\/sitio\/wp-json\/wp\/v2\/media?parent=87314"}],"wp:term":[{"taxonomy":"category","embeddable":true,"href":"https:\/\/eldiariodesanpedro.com.ar\/sitio\/wp-json\/wp\/v2\/categories?post=87314"},{"taxonomy":"post_tag","embeddable":true,"href":"https:\/\/eldiariodesanpedro.com.ar\/sitio\/wp-json\/wp\/v2\/tags?post=87314"}],"curies":[{"name":"wp","href":"https:\/\/api.w.org\/{rel}","templated":true}]}}