{"id":87310,"date":"2021-02-08T12:02:26","date_gmt":"2021-02-08T15:02:26","guid":{"rendered":"https:\/\/eldiariodesanpedro.com.ar\/sitio\/?p=87310"},"modified":"2021-02-08T12:31:44","modified_gmt":"2021-02-08T15:31:44","slug":"aprehende-a-un-sujeto-que-circulaba-con-una-escopeta","status":"publish","type":"post","link":"https:\/\/eldiariodesanpedro.com.ar\/sitio\/aprehende-a-un-sujeto-que-circulaba-con-una-escopeta\/","title":{"rendered":"Aprehende a un sujeto que circulaba con una escopeta"},"content":{"rendered":"<!-- VideographyWP Plugin Message: Automatic video embedding prevented by plugin options. -->\n\n<p>En la jornada de este domingo la polic\u00eda de nuestra ciudad realiz\u00f3 la aprehensi\u00f3n de un ciudadano de 32 a\u00f1os de edad que se encontraba en la v\u00eda p\u00fablica portando un arma de fuego.<\/p>\n\n\n\n<p>La polic\u00eda en calle 62 al 1000 de nuestra ciudad aprehende&nbsp; a un masculino quien ten\u00eda en su poder arma de fuego del tipo escopeta recortada calibre 16 numeraci\u00f3n suprimida, con dos cartuchos de estruendos y un cartucho de guerra intactos.<\/p>\n","protected":false},"excerpt":{"rendered":"<p>En la jornada de este domingo la polic\u00eda de nuestra ciudad realiz\u00f3 la aprehensi\u00f3n de un ciudadano de 32 a\u00f1os de edad que se encontraba en la v\u00eda p\u00fablica portando un arma de fuego. La polic\u00eda en calle 62 al 1000 de nuestra ciudad aprehende&nbsp; a un masculino quien ten\u00eda en su poder arma de [&hellip;]<\/p>\n","protected":false},"author":4,"featured_media":87306,"comment_status":"open","ping_status":"closed","sticky":false,"template":"","format":"standard","meta":{"om_disable_all_campaigns":false,"_jetpack_memberships_contains_paid_content":false,"footnotes":""},"categories":[50,2,103],"tags":[],"class_list":["post-87310","post","type-post","status-publish","format-standard","has-post-thumbnail","hentry","category-destacadas","category-locales","category-policiales-locales"],"aioseo_notices":[],"gutentor_comment":0,"jetpack_featured_media_url":"https:\/\/eldiariodesanpedro.com.ar\/sitio\/wp-content\/uploads\/2021\/02\/tenencia-de-arma-de-fuego-1.jpeg","jetpack_shortlink":"https:\/\/wp.me\/p6RhLt-mIe","jetpack_sharing_enabled":true,"_links":{"self":[{"href":"https:\/\/eldiariodesanpedro.com.ar\/sitio\/wp-json\/wp\/v2\/posts\/87310","targetHints":{"allow":["GET"]}}],"collection":[{"href":"https:\/\/eldiariodesanpedro.com.ar\/sitio\/wp-json\/wp\/v2\/posts"}],"about":[{"href":"https:\/\/eldiariodesanpedro.com.ar\/sitio\/wp-json\/wp\/v2\/types\/post"}],"author":[{"embeddable":true,"href":"https:\/\/eldiariodesanpedro.com.ar\/sitio\/wp-json\/wp\/v2\/users\/4"}],"replies":[{"embeddable":true,"href":"https:\/\/eldiariodesanpedro.com.ar\/sitio\/wp-json\/wp\/v2\/comments?post=87310"}],"version-history":[{"count":1,"href":"https:\/\/eldiariodesanpedro.com.ar\/sitio\/wp-json\/wp\/v2\/posts\/87310\/revisions"}],"predecessor-version":[{"id":87311,"href":"https:\/\/eldiariodesanpedro.com.ar\/sitio\/wp-json\/wp\/v2\/posts\/87310\/revisions\/87311"}],"wp:featuredmedia":[{"embeddable":true,"href":"https:\/\/eldiariodesanpedro.com.ar\/sitio\/wp-json\/wp\/v2\/media\/87306"}],"wp:attachment":[{"href":"https:\/\/eldiariodesanpedro.com.ar\/sitio\/wp-json\/wp\/v2\/media?parent=87310"}],"wp:term":[{"taxonomy":"category","embeddable":true,"href":"https:\/\/eldiariodesanpedro.com.ar\/sitio\/wp-json\/wp\/v2\/categories?post=87310"},{"taxonomy":"post_tag","embeddable":true,"href":"https:\/\/eldiariodesanpedro.com.ar\/sitio\/wp-json\/wp\/v2\/tags?post=87310"}],"curies":[{"name":"wp","href":"https:\/\/api.w.org\/{rel}","templated":true}]}}