{"id":87304,"date":"2021-02-08T11:50:27","date_gmt":"2021-02-08T14:50:27","guid":{"rendered":"https:\/\/eldiariodesanpedro.com.ar\/sitio\/?p=87304"},"modified":"2021-02-08T11:52:51","modified_gmt":"2021-02-08T14:52:51","slug":"aprehendidos-en-estado-de-ebriedad-y-personas-con-armas-blancas-durante-el-fin-de-semana","status":"publish","type":"post","link":"https:\/\/eldiariodesanpedro.com.ar\/sitio\/aprehendidos-en-estado-de-ebriedad-y-personas-con-armas-blancas-durante-el-fin-de-semana\/","title":{"rendered":"Aprehendidos en estado de ebriedad y personas con armas blancas durante el fin de semana"},"content":{"rendered":"<!-- VideographyWP Plugin Message: Automatic video embedding prevented by plugin options. -->\n\n<p>Este fin de semana la polic\u00eda de nuestra ciudad realiz\u00f3 varios operativos de control en la v\u00eda p\u00fablica tanto en nuestra ciudad como en las localidades vecinas.<\/p>\n\n\n\n<p>A trav\u00e9s de llamadas al 911 se recibieron varias denuncias de personas en estado de ebriedad que ocasionaron disturbios en la v\u00eda p\u00fablica por lo que se hace presente un m\u00f3vil para poder aprehender a personas en ese estado, adem\u00e1s tambi\u00e9n la aprehensi\u00f3n de personas con armas blancas.<\/p>\n\n\n\n<p>El dia sabado en calle Sarmiento y San Juan de Gobernador Castro, aprehende masculino de 22 a\u00f1os quien estado de ebriedad ocasiona disturbio y alteraba la paz p\u00fablica.&nbsp;&nbsp;<\/p>\n\n\n\n<p>Por parte del Destacamento de R\u00edo Tala, en calle Camelino y Rivadavia aprehende a masculino de 28, quien, en presencia de efectivos policiales, provocaba e incitaba a pelear a terceros en la v\u00eda p\u00fablica.&nbsp;&nbsp;<\/p>\n\n\n\n<p>En la localidad de La Tosquera en calle 158 s\/n, Cuartel III, La Tosquera, San Pedro, aprehende a masculino de 48 a\u00f1os quien se encontraba en v\u00eda p\u00fablica incentivando de pelear a vecinos, en presencia de efectivos.&nbsp;<\/p>\n\n\n\n<p>Por su parte en San Pedro en una vivienda ubicada en calle&nbsp; Italia al 300 aprehenden a 4 masculinos 19, 21, 21 y 21, quienes se encontraban deambulando llevando en su poder arma blanca tipo cuchilla, pica hielo y navaja.&nbsp;<\/p>\n\n\n\n<p>En calle Auli 1200 aprehende masculino de 40, qui\u00e9n se encontraban alterando el orden y la paz del lugar, con presencia aliento et\u00edlico.<\/p>\n\n\n\n<p>En la madrugada de hoy el personal policial en calle Sarmiento y Bv Paran\u00e1 aprehende a masculino 22, secuestrarle arma blanca.-&nbsp;<\/p>\n\n\n\n<p>En cada uno de ellos tom\u00f3 intervenci\u00f3n el juzgado de Paz Local.<\/p>\n","protected":false},"excerpt":{"rendered":"<p>Este fin de semana la polic\u00eda de nuestra ciudad realiz\u00f3 varios operativos de control en la v\u00eda p\u00fablica tanto en nuestra ciudad como en las localidades vecinas. A trav\u00e9s de llamadas al 911 se recibieron varias denuncias de personas en estado de ebriedad que ocasionaron disturbios en la v\u00eda p\u00fablica por lo que se hace [&hellip;]<\/p>\n","protected":false},"author":4,"featured_media":87309,"comment_status":"open","ping_status":"closed","sticky":false,"template":"","format":"standard","meta":{"om_disable_all_campaigns":false,"_jetpack_memberships_contains_paid_content":false,"footnotes":""},"categories":[2,103],"tags":[],"class_list":["post-87304","post","type-post","status-publish","format-standard","has-post-thumbnail","hentry","category-locales","category-policiales-locales"],"aioseo_notices":[],"gutentor_comment":0,"jetpack_featured_media_url":"https:\/\/eldiariodesanpedro.com.ar\/sitio\/wp-content\/uploads\/2021\/02\/contravencion-armas-blancas-1.jpeg","jetpack_shortlink":"https:\/\/wp.me\/p6RhLt-mI8","jetpack_sharing_enabled":true,"_links":{"self":[{"href":"https:\/\/eldiariodesanpedro.com.ar\/sitio\/wp-json\/wp\/v2\/posts\/87304","targetHints":{"allow":["GET"]}}],"collection":[{"href":"https:\/\/eldiariodesanpedro.com.ar\/sitio\/wp-json\/wp\/v2\/posts"}],"about":[{"href":"https:\/\/eldiariodesanpedro.com.ar\/sitio\/wp-json\/wp\/v2\/types\/post"}],"author":[{"embeddable":true,"href":"https:\/\/eldiariodesanpedro.com.ar\/sitio\/wp-json\/wp\/v2\/users\/4"}],"replies":[{"embeddable":true,"href":"https:\/\/eldiariodesanpedro.com.ar\/sitio\/wp-json\/wp\/v2\/comments?post=87304"}],"version-history":[{"count":1,"href":"https:\/\/eldiariodesanpedro.com.ar\/sitio\/wp-json\/wp\/v2\/posts\/87304\/revisions"}],"predecessor-version":[{"id":87305,"href":"https:\/\/eldiariodesanpedro.com.ar\/sitio\/wp-json\/wp\/v2\/posts\/87304\/revisions\/87305"}],"wp:featuredmedia":[{"embeddable":true,"href":"https:\/\/eldiariodesanpedro.com.ar\/sitio\/wp-json\/wp\/v2\/media\/87309"}],"wp:attachment":[{"href":"https:\/\/eldiariodesanpedro.com.ar\/sitio\/wp-json\/wp\/v2\/media?parent=87304"}],"wp:term":[{"taxonomy":"category","embeddable":true,"href":"https:\/\/eldiariodesanpedro.com.ar\/sitio\/wp-json\/wp\/v2\/categories?post=87304"},{"taxonomy":"post_tag","embeddable":true,"href":"https:\/\/eldiariodesanpedro.com.ar\/sitio\/wp-json\/wp\/v2\/tags?post=87304"}],"curies":[{"name":"wp","href":"https:\/\/api.w.org\/{rel}","templated":true}]}}