{"id":87301,"date":"2021-02-08T11:24:39","date_gmt":"2021-02-08T14:24:39","guid":{"rendered":"https:\/\/eldiariodesanpedro.com.ar\/sitio\/?p=87301"},"modified":"2021-02-08T11:24:43","modified_gmt":"2021-02-08T14:24:43","slug":"comision-de-plagas-registro-de-productores-con-focos-de-cotorras-o-acacia-negra","status":"publish","type":"post","link":"https:\/\/eldiariodesanpedro.com.ar\/sitio\/comision-de-plagas-registro-de-productores-con-focos-de-cotorras-o-acacia-negra\/","title":{"rendered":"Comisi\u00f3n de Plagas: Registro de productores con focos de cotorras o acacia negra"},"content":{"rendered":"<!-- VideographyWP Plugin Message: Automatic video embedding prevented by plugin options. -->\n\n<p>La Secretar\u00eda de Desarrollo Econ\u00f3mico de la Municipalidad de San Pedro informa que se ha abierto un registro en Casona de Mitre y Liniers y en las delegaciones municipales para que se inscriban los productores que deseen participar de las acciones de la comisi\u00f3n de lucha contra la plagas.<\/p>\n\n\n\n<p>Se solicita a quienes han detectado en sus campos focos de cotorras o de la especie de \u00e1rbol \u00abacacia negra\u00bb informen sus datos para poder ser contactados e informados sobre las novedades relacionadas con este tema.<\/p>\n\n\n\n<p>Las oficinas de la Secretar\u00eda de Desarrollo Econ\u00f3mico est\u00e1n abiertas de 8 a 14 y tambi\u00e9n pueden efectuar consultas al 03329-422050.<\/p>\n","protected":false},"excerpt":{"rendered":"<p>La Secretar\u00eda de Desarrollo Econ\u00f3mico de la Municipalidad de San Pedro informa que se ha abierto un registro en Casona de Mitre y Liniers y en las delegaciones municipales para que se inscriban los productores que deseen participar de las acciones de la comisi\u00f3n de lucha contra la plagas. Se solicita a quienes han detectado [&hellip;]<\/p>\n","protected":false},"author":4,"featured_media":87302,"comment_status":"open","ping_status":"closed","sticky":false,"template":"","format":"standard","meta":{"om_disable_all_campaigns":false,"_jetpack_memberships_contains_paid_content":false,"footnotes":""},"categories":[101,2],"tags":[],"class_list":["post-87301","post","type-post","status-publish","format-standard","has-post-thumbnail","hentry","category-interes-general-locales","category-locales"],"aioseo_notices":[],"gutentor_comment":0,"jetpack_featured_media_url":"https:\/\/eldiariodesanpedro.com.ar\/sitio\/wp-content\/uploads\/2021\/02\/WhatsApp-Image-2021-02-03-at-16.07.46-1.jpeg","jetpack_shortlink":"https:\/\/wp.me\/p6RhLt-mI5","jetpack_sharing_enabled":true,"_links":{"self":[{"href":"https:\/\/eldiariodesanpedro.com.ar\/sitio\/wp-json\/wp\/v2\/posts\/87301","targetHints":{"allow":["GET"]}}],"collection":[{"href":"https:\/\/eldiariodesanpedro.com.ar\/sitio\/wp-json\/wp\/v2\/posts"}],"about":[{"href":"https:\/\/eldiariodesanpedro.com.ar\/sitio\/wp-json\/wp\/v2\/types\/post"}],"author":[{"embeddable":true,"href":"https:\/\/eldiariodesanpedro.com.ar\/sitio\/wp-json\/wp\/v2\/users\/4"}],"replies":[{"embeddable":true,"href":"https:\/\/eldiariodesanpedro.com.ar\/sitio\/wp-json\/wp\/v2\/comments?post=87301"}],"version-history":[{"count":1,"href":"https:\/\/eldiariodesanpedro.com.ar\/sitio\/wp-json\/wp\/v2\/posts\/87301\/revisions"}],"predecessor-version":[{"id":87303,"href":"https:\/\/eldiariodesanpedro.com.ar\/sitio\/wp-json\/wp\/v2\/posts\/87301\/revisions\/87303"}],"wp:featuredmedia":[{"embeddable":true,"href":"https:\/\/eldiariodesanpedro.com.ar\/sitio\/wp-json\/wp\/v2\/media\/87302"}],"wp:attachment":[{"href":"https:\/\/eldiariodesanpedro.com.ar\/sitio\/wp-json\/wp\/v2\/media?parent=87301"}],"wp:term":[{"taxonomy":"category","embeddable":true,"href":"https:\/\/eldiariodesanpedro.com.ar\/sitio\/wp-json\/wp\/v2\/categories?post=87301"},{"taxonomy":"post_tag","embeddable":true,"href":"https:\/\/eldiariodesanpedro.com.ar\/sitio\/wp-json\/wp\/v2\/tags?post=87301"}],"curies":[{"name":"wp","href":"https:\/\/api.w.org\/{rel}","templated":true}]}}