{"id":87298,"date":"2021-02-08T11:20:55","date_gmt":"2021-02-08T14:20:55","guid":{"rendered":"https:\/\/eldiariodesanpedro.com.ar\/sitio\/?p=87298"},"modified":"2021-02-08T11:21:00","modified_gmt":"2021-02-08T14:21:00","slug":"puntos-de-inscripcion-y-vias-de-contacto-del-plan-buenos-aires-vacunate-en-san-pedro","status":"publish","type":"post","link":"https:\/\/eldiariodesanpedro.com.ar\/sitio\/puntos-de-inscripcion-y-vias-de-contacto-del-plan-buenos-aires-vacunate-en-san-pedro\/","title":{"rendered":"Puntos de inscripci\u00f3n y v\u00edas de contacto del Plan Buenos Aires Vacunate en San Pedro"},"content":{"rendered":"<!-- VideographyWP Plugin Message: Automatic video embedding prevented by plugin options. -->\n\n<p>Contin\u00faa esta semana el operativo de inscripci\u00f3n de voluntarios para el Plan de Vacunaci\u00f3n contra el Covid-19, \u00abBuenos Aires Vacunate\u00bb.<\/p>\n\n\n\n<p>A los puntos que han estado abiertos todo el fin de semana se suman, en los horarios que se consignan, hospitales, centros de salud y oficinas p\u00fablicas. Adem\u00e1s se informa que se ha habilitado una l\u00ednea para pedir informaci\u00f3n por whatsapp o llamando al 3329-317575.<\/p>\n\n\n\n<p>Tambi\u00e9n se pueden comunicar con la coordinaci\u00f3n del operativo v\u00eda mail a vacunatesanpedro@gmail.com.<\/p>\n\n\n\n<figure class=\"wp-block-image size-large\"><img decoding=\"async\" width=\"1024\" height=\"992\" data-attachment-id=\"87299\" data-permalink=\"https:\/\/eldiariodesanpedro.com.ar\/sitio\/puntos-de-inscripcion-y-vias-de-contacto-del-plan-buenos-aires-vacunate-en-san-pedro\/whatsapp-image-2021-02-08-at-10-31-40\/\" data-orig-file=\"https:\/\/eldiariodesanpedro.com.ar\/sitio\/wp-content\/uploads\/2021\/02\/WhatsApp-Image-2021-02-08-at-10.31.40.jpeg\" data-orig-size=\"1280,1240\" data-comments-opened=\"1\" data-image-meta=\"{&quot;aperture&quot;:&quot;0&quot;,&quot;credit&quot;:&quot;&quot;,&quot;camera&quot;:&quot;&quot;,&quot;caption&quot;:&quot;&quot;,&quot;created_timestamp&quot;:&quot;0&quot;,&quot;copyright&quot;:&quot;&quot;,&quot;focal_length&quot;:&quot;0&quot;,&quot;iso&quot;:&quot;0&quot;,&quot;shutter_speed&quot;:&quot;0&quot;,&quot;title&quot;:&quot;&quot;,&quot;orientation&quot;:&quot;0&quot;}\" data-image-title=\"WhatsApp Image 2021-02-08 at 10.31.40\" data-image-description=\"\" data-image-caption=\"\" data-large-file=\"https:\/\/eldiariodesanpedro.com.ar\/sitio\/wp-content\/uploads\/2021\/02\/WhatsApp-Image-2021-02-08-at-10.31.40-1024x992.jpeg\" data-src=\"https:\/\/eldiariodesanpedro.com.ar\/sitio\/wp-content\/uploads\/2021\/02\/WhatsApp-Image-2021-02-08-at-10.31.40-1024x992.jpeg\" alt=\"\" class=\"wp-image-87299 lazyload\" data-srcset=\"https:\/\/eldiariodesanpedro.com.ar\/sitio\/wp-content\/uploads\/2021\/02\/WhatsApp-Image-2021-02-08-at-10.31.40-1024x992.jpeg 1024w, https:\/\/eldiariodesanpedro.com.ar\/sitio\/wp-content\/uploads\/2021\/02\/WhatsApp-Image-2021-02-08-at-10.31.40-300x291.jpeg 300w, https:\/\/eldiariodesanpedro.com.ar\/sitio\/wp-content\/uploads\/2021\/02\/WhatsApp-Image-2021-02-08-at-10.31.40-768x744.jpeg 768w, https:\/\/eldiariodesanpedro.com.ar\/sitio\/wp-content\/uploads\/2021\/02\/WhatsApp-Image-2021-02-08-at-10.31.40.jpeg 1280w\" data-sizes=\"(max-width: 1024px) 100vw, 1024px\" src=\"data:image\/svg+xml;base64,PHN2ZyB3aWR0aD0iMSIgaGVpZ2h0PSIxIiB4bWxucz0iaHR0cDovL3d3dy53My5vcmcvMjAwMC9zdmciPjwvc3ZnPg==\" style=\"--smush-placeholder-width: 1024px; --smush-placeholder-aspect-ratio: 1024\/992;\" \/><\/figure>\n","protected":false},"excerpt":{"rendered":"<p>Contin\u00faa esta semana el operativo de inscripci\u00f3n de voluntarios para el Plan de Vacunaci\u00f3n contra el Covid-19, \u00abBuenos Aires Vacunate\u00bb. A los puntos que han estado abiertos todo el fin de semana se suman, en los horarios que se consignan, hospitales, centros de salud y oficinas p\u00fablicas. Adem\u00e1s se informa que se ha habilitado una [&hellip;]<\/p>\n","protected":false},"author":4,"featured_media":87082,"comment_status":"open","ping_status":"closed","sticky":false,"template":"","format":"standard","meta":{"om_disable_all_campaigns":false,"_jetpack_memberships_contains_paid_content":false,"footnotes":""},"categories":[621],"tags":[],"class_list":["post-87298","post","type-post","status-publish","format-standard","has-post-thumbnail","hentry","category-regionales"],"aioseo_notices":[],"gutentor_comment":0,"jetpack_featured_media_url":"https:\/\/eldiariodesanpedro.com.ar\/sitio\/wp-content\/uploads\/2021\/02\/WhatsApp-Image-2021-02-04-at-18.31.11.jpeg","jetpack_shortlink":"https:\/\/wp.me\/p6RhLt-mI2","jetpack_sharing_enabled":true,"_links":{"self":[{"href":"https:\/\/eldiariodesanpedro.com.ar\/sitio\/wp-json\/wp\/v2\/posts\/87298","targetHints":{"allow":["GET"]}}],"collection":[{"href":"https:\/\/eldiariodesanpedro.com.ar\/sitio\/wp-json\/wp\/v2\/posts"}],"about":[{"href":"https:\/\/eldiariodesanpedro.com.ar\/sitio\/wp-json\/wp\/v2\/types\/post"}],"author":[{"embeddable":true,"href":"https:\/\/eldiariodesanpedro.com.ar\/sitio\/wp-json\/wp\/v2\/users\/4"}],"replies":[{"embeddable":true,"href":"https:\/\/eldiariodesanpedro.com.ar\/sitio\/wp-json\/wp\/v2\/comments?post=87298"}],"version-history":[{"count":1,"href":"https:\/\/eldiariodesanpedro.com.ar\/sitio\/wp-json\/wp\/v2\/posts\/87298\/revisions"}],"predecessor-version":[{"id":87300,"href":"https:\/\/eldiariodesanpedro.com.ar\/sitio\/wp-json\/wp\/v2\/posts\/87298\/revisions\/87300"}],"wp:featuredmedia":[{"embeddable":true,"href":"https:\/\/eldiariodesanpedro.com.ar\/sitio\/wp-json\/wp\/v2\/media\/87082"}],"wp:attachment":[{"href":"https:\/\/eldiariodesanpedro.com.ar\/sitio\/wp-json\/wp\/v2\/media?parent=87298"}],"wp:term":[{"taxonomy":"category","embeddable":true,"href":"https:\/\/eldiariodesanpedro.com.ar\/sitio\/wp-json\/wp\/v2\/categories?post=87298"},{"taxonomy":"post_tag","embeddable":true,"href":"https:\/\/eldiariodesanpedro.com.ar\/sitio\/wp-json\/wp\/v2\/tags?post=87298"}],"curies":[{"name":"wp","href":"https:\/\/api.w.org\/{rel}","templated":true}]}}