{"id":87295,"date":"2021-02-08T11:19:13","date_gmt":"2021-02-08T14:19:13","guid":{"rendered":"https:\/\/eldiariodesanpedro.com.ar\/sitio\/?p=87295"},"modified":"2021-02-08T11:19:17","modified_gmt":"2021-02-08T14:19:17","slug":"esta-abierta-la-inscripcion-para-el-ingreso-a-la-policia-de-la-provincia-de-buenos-aires","status":"publish","type":"post","link":"https:\/\/eldiariodesanpedro.com.ar\/sitio\/esta-abierta-la-inscripcion-para-el-ingreso-a-la-policia-de-la-provincia-de-buenos-aires\/","title":{"rendered":"Est\u00e1 abierta la inscripci\u00f3n para el ingreso a la Polic\u00eda de la Provincia de Buenos Aires"},"content":{"rendered":"<!-- VideographyWP Plugin Message: Automatic video embedding prevented by plugin options. -->\n\n<p><strong>La convocatoria est\u00e1 abierta para j\u00f3venes de 18 a 25 a\u00f1os. Desde la Secretar\u00eda de Seguridad del Municipio destacaron la importancia de que j\u00f3venes de Campana se sumen a la fuerza.<\/strong><strong>&nbsp;<\/strong><\/p>\n\n\n\n<p>La Secretar\u00eda de Seguridad del Municipio de Campana informa sobre una nueva convocatoria -impulsada por la Superintendencia General de Polic\u00eda- para el ingreso a las Escuelas de Formaci\u00f3n Policial de la provincia de Buenos Aires y destacaron la importancia de que j\u00f3venes de la ciudad se sumen a la fuerza.&nbsp;<\/p>\n\n\n\n<p>Los oficiales egresados podr\u00edan ser designados para cumplir servicios en Campana.<\/p>\n\n\n\n<p>La convocatoria general y abierta est\u00e1 a cargo de la Superintendencia de Institutos de Formaci\u00f3n Policial. Para ingresar, se requiere:&nbsp;<\/p>\n\n\n\n<p>\u2013 Ser argentino nativo, naturalizado o por opci\u00f3n.<\/p>\n\n\n\n<p>\u2013 Tener entre 18 y 25 a\u00f1os (cumplidos al 1 de marzo de 2021).<\/p>\n\n\n\n<p>\u2013 Poseer condiciones de moralidad y buenas costumbres.<\/p>\n\n\n\n<p>\u2013 Haber finalizado el nivel secundario, en los t\u00e9rminos de la Ley Nro. 13.688 o equivalente, conforme lo establezca la reglamentaci\u00f3n.<\/p>\n\n\n\n<p>\u2013 Responder a las aptitudes psicof\u00edsicas que establezca la presente y su reglamentaci\u00f3n.&nbsp;<\/p>\n\n\n\n<p>Los\/las postulantes deben cumplimentar todos los requisitos enunciados y contar con la documentaci\u00f3n requerida.&nbsp;<\/p>\n\n\n\n<p>Eventualmente ser\u00e1n citados\/as de acuerdo a la disponibilidad de cupo determinado por el Ministerio de Seguridad.&nbsp;<\/p>\n\n\n\n<p>Para m\u00e1s informaci\u00f3n, ingresar a:&nbsp;<a href=\"https:\/\/www.mseg.gba.gov.ar\/interior\/ingreso\/convocatoria_ingresopolicia.html\" target=\"_blank\" rel=\"noreferrer noopener\">https:\/\/www.mseg.gba.gov.ar\/interior\/ingreso\/convocatoria_ingresopolicia.html<\/a><\/p>\n\n\n\n<p>Tambi\u00e9n podr\u00e1n realizar consultas, al 0221-4293000 (internos 73845 \u2013 74054 \u2013 73857\/58\/59) o v\u00eda mail a&nbsp;<a href=\"mailto:consultasingreso@mseg.gba.gov.ar\" target=\"_blank\" rel=\"noreferrer noopener\">consultasingreso@mseg.gba.gov.ar<\/a><\/p>\n","protected":false},"excerpt":{"rendered":"<p>La convocatoria est\u00e1 abierta para j\u00f3venes de 18 a 25 a\u00f1os. Desde la Secretar\u00eda de Seguridad del Municipio destacaron la importancia de que j\u00f3venes de Campana se sumen a la fuerza.&nbsp; La Secretar\u00eda de Seguridad del Municipio de Campana informa sobre una nueva convocatoria -impulsada por la Superintendencia General de Polic\u00eda- para el ingreso a [&hellip;]<\/p>\n","protected":false},"author":4,"featured_media":87296,"comment_status":"open","ping_status":"closed","sticky":false,"template":"","format":"standard","meta":{"om_disable_all_campaigns":false,"_jetpack_memberships_contains_paid_content":false,"footnotes":""},"categories":[621],"tags":[],"class_list":["post-87295","post","type-post","status-publish","format-standard","has-post-thumbnail","hentry","category-regionales"],"aioseo_notices":[],"gutentor_comment":0,"jetpack_featured_media_url":"https:\/\/eldiariodesanpedro.com.ar\/sitio\/wp-content\/uploads\/2021\/02\/policias-operativo-sol-696x435-1.jpg","jetpack_shortlink":"https:\/\/wp.me\/p6RhLt-mHZ","jetpack_sharing_enabled":true,"_links":{"self":[{"href":"https:\/\/eldiariodesanpedro.com.ar\/sitio\/wp-json\/wp\/v2\/posts\/87295","targetHints":{"allow":["GET"]}}],"collection":[{"href":"https:\/\/eldiariodesanpedro.com.ar\/sitio\/wp-json\/wp\/v2\/posts"}],"about":[{"href":"https:\/\/eldiariodesanpedro.com.ar\/sitio\/wp-json\/wp\/v2\/types\/post"}],"author":[{"embeddable":true,"href":"https:\/\/eldiariodesanpedro.com.ar\/sitio\/wp-json\/wp\/v2\/users\/4"}],"replies":[{"embeddable":true,"href":"https:\/\/eldiariodesanpedro.com.ar\/sitio\/wp-json\/wp\/v2\/comments?post=87295"}],"version-history":[{"count":1,"href":"https:\/\/eldiariodesanpedro.com.ar\/sitio\/wp-json\/wp\/v2\/posts\/87295\/revisions"}],"predecessor-version":[{"id":87297,"href":"https:\/\/eldiariodesanpedro.com.ar\/sitio\/wp-json\/wp\/v2\/posts\/87295\/revisions\/87297"}],"wp:featuredmedia":[{"embeddable":true,"href":"https:\/\/eldiariodesanpedro.com.ar\/sitio\/wp-json\/wp\/v2\/media\/87296"}],"wp:attachment":[{"href":"https:\/\/eldiariodesanpedro.com.ar\/sitio\/wp-json\/wp\/v2\/media?parent=87295"}],"wp:term":[{"taxonomy":"category","embeddable":true,"href":"https:\/\/eldiariodesanpedro.com.ar\/sitio\/wp-json\/wp\/v2\/categories?post=87295"},{"taxonomy":"post_tag","embeddable":true,"href":"https:\/\/eldiariodesanpedro.com.ar\/sitio\/wp-json\/wp\/v2\/tags?post=87295"}],"curies":[{"name":"wp","href":"https:\/\/api.w.org\/{rel}","templated":true}]}}