{"id":87292,"date":"2021-02-08T10:57:22","date_gmt":"2021-02-08T13:57:22","guid":{"rendered":"https:\/\/eldiariodesanpedro.com.ar\/sitio\/?p=87292"},"modified":"2021-02-08T10:57:25","modified_gmt":"2021-02-08T13:57:25","slug":"arrecifes-accidente-en-ruta-191","status":"publish","type":"post","link":"https:\/\/eldiariodesanpedro.com.ar\/sitio\/arrecifes-accidente-en-ruta-191\/","title":{"rendered":"ARRECIFES | Accidente en ruta 191"},"content":{"rendered":"<!-- VideographyWP Plugin Message: Automatic video embedding prevented by plugin options. -->\n\n<p>En el amanecer de este domingo se produjo un incidente de tr\u00e1nsito en ruta 191, en un tramo pr\u00f3ximo a La Loma Alta.<\/p>\n\n\n\n<p>Por causas que se desconocen, un Chevrolet Corsa que transitaba en sentido Salto-Arrecifes se sali\u00f3 de la cinta asf\u00e1ltica y golpe\u00f3 contra una alcantarilla, para terminar detenido junto a la ruta.<\/p>\n\n\n\n<p>El auto era conducido por un arrecife\u00f1o (\u00fanico ocupante) que fue trasladado al Hospital Santa Francisca por una ambulancia.<\/p>\n\n\n\n<p>Personal de Patrulla Urbana y de Polic\u00eda de Arrecifes trabaj\u00f3 en el siniestro.<\/p>\n\n\n\n<p>Fuente: <a href=\"https:\/\/arrecifesnoticias.com\/policiales\/accidente-en-ruta-191-2\/\">Arrecifes Noticias<\/a><\/p>\n","protected":false},"excerpt":{"rendered":"<p>En el amanecer de este domingo se produjo un incidente de tr\u00e1nsito en ruta 191, en un tramo pr\u00f3ximo a La Loma Alta. Por causas que se desconocen, un Chevrolet Corsa que transitaba en sentido Salto-Arrecifes se sali\u00f3 de la cinta asf\u00e1ltica y golpe\u00f3 contra una alcantarilla, para terminar detenido junto a la ruta. El [&hellip;]<\/p>\n","protected":false},"author":4,"featured_media":87293,"comment_status":"open","ping_status":"closed","sticky":false,"template":"","format":"standard","meta":{"om_disable_all_campaigns":false,"_jetpack_memberships_contains_paid_content":false,"footnotes":""},"categories":[621],"tags":[],"class_list":["post-87292","post","type-post","status-publish","format-standard","has-post-thumbnail","hentry","category-regionales"],"aioseo_notices":[],"gutentor_comment":0,"jetpack_featured_media_url":"https:\/\/eldiariodesanpedro.com.ar\/sitio\/wp-content\/uploads\/2021\/02\/Ruta-191-accidente-2-700x476-1.jpg","jetpack_shortlink":"https:\/\/wp.me\/p6RhLt-mHW","jetpack_sharing_enabled":true,"_links":{"self":[{"href":"https:\/\/eldiariodesanpedro.com.ar\/sitio\/wp-json\/wp\/v2\/posts\/87292","targetHints":{"allow":["GET"]}}],"collection":[{"href":"https:\/\/eldiariodesanpedro.com.ar\/sitio\/wp-json\/wp\/v2\/posts"}],"about":[{"href":"https:\/\/eldiariodesanpedro.com.ar\/sitio\/wp-json\/wp\/v2\/types\/post"}],"author":[{"embeddable":true,"href":"https:\/\/eldiariodesanpedro.com.ar\/sitio\/wp-json\/wp\/v2\/users\/4"}],"replies":[{"embeddable":true,"href":"https:\/\/eldiariodesanpedro.com.ar\/sitio\/wp-json\/wp\/v2\/comments?post=87292"}],"version-history":[{"count":1,"href":"https:\/\/eldiariodesanpedro.com.ar\/sitio\/wp-json\/wp\/v2\/posts\/87292\/revisions"}],"predecessor-version":[{"id":87294,"href":"https:\/\/eldiariodesanpedro.com.ar\/sitio\/wp-json\/wp\/v2\/posts\/87292\/revisions\/87294"}],"wp:featuredmedia":[{"embeddable":true,"href":"https:\/\/eldiariodesanpedro.com.ar\/sitio\/wp-json\/wp\/v2\/media\/87293"}],"wp:attachment":[{"href":"https:\/\/eldiariodesanpedro.com.ar\/sitio\/wp-json\/wp\/v2\/media?parent=87292"}],"wp:term":[{"taxonomy":"category","embeddable":true,"href":"https:\/\/eldiariodesanpedro.com.ar\/sitio\/wp-json\/wp\/v2\/categories?post=87292"},{"taxonomy":"post_tag","embeddable":true,"href":"https:\/\/eldiariodesanpedro.com.ar\/sitio\/wp-json\/wp\/v2\/tags?post=87292"}],"curies":[{"name":"wp","href":"https:\/\/api.w.org\/{rel}","templated":true}]}}