{"id":87289,"date":"2021-02-08T10:54:02","date_gmt":"2021-02-08T13:54:02","guid":{"rendered":"https:\/\/eldiariodesanpedro.com.ar\/sitio\/?p=87289"},"modified":"2021-02-08T10:54:06","modified_gmt":"2021-02-08T13:54:06","slug":"campana-familiares-de-dos-nenas-abusadas-sexualmente-cortaron-la-ruta-6","status":"publish","type":"post","link":"https:\/\/eldiariodesanpedro.com.ar\/sitio\/campana-familiares-de-dos-nenas-abusadas-sexualmente-cortaron-la-ruta-6\/","title":{"rendered":"CAMPANA | Familiares de dos nenas abusadas sexualmente cortaron la ruta 6"},"content":{"rendered":"<!-- VideographyWP Plugin Message: Automatic video embedding prevented by plugin options. -->\n\n<p><strong>En el medio de un cruce de acusaciones entre familiares de la menor y hechos de violencia de las \u00faltimas horas, un grupo de personas interrumpen la circulaci\u00f3n de la ruta 6 en ambas manos a la altura de la entrada al Barrio.&nbsp;<\/strong><\/p>\n\n\n\n<p>Todo ocurri\u00f3 en una vivienda de la calle Crossio al 100 del barrio San Cayetano, donde familiares de la menor de dos a\u00f1os de edad denunciaron el abuso de la misma. Tras ser internada en el Hospital San Jos\u00e9, los m\u00e9dicos lograron determinar que la peque\u00f1a hab\u00eda sufrido \u201cacceso carnal\u201d por parte del depravado, quien ser\u00eda un integrante de la propia familia.<\/p>\n\n\n\n<p>All\u00ed comenzaron los inconvenientes internos, cuando familiares del padre de la menor atacaron a miembros de la familia de la madre, resultando dos personas con heridas de arma blanca. Desde ambas partes se cruzaban acusaciones, aunque sin precisiones concretas.<\/p>\n\n\n\n<p>Ayer un fuerte despliegue policial se produjo en el lugar, donde adem\u00e1s dos efectivos policiales resultaron heridos en medio de los violentos sucesos. Seg\u00fan trascendi\u00f3, el principal sospechoso de la violaci\u00f3n es un t\u00edo de la ni\u00f1a, de 14 a\u00f1os. La menor fue puesta en resguardo en un Hogar de Ni\u00f1os de Exaltaci\u00f3n de la Cruz.<\/p>\n\n\n\n<p>Adem\u00e1s otra nena de 9 a\u00f1os, prima de la menor de 2 que fue abusada por su t\u00edo tambi\u00e9n fue violada, seg\u00fan cont\u00f3 la familia hoy, las pericias m\u00e9dicas practicadas en ella hoy les confirmaron el aberrante hecho y tambi\u00e9n radicaron una denuncia. \u201cQuiero justicia por mi hija, es mi cu\u00f1ado, es mayor de edad, esto no puede quedar as\u00ed, quiero que paguen lo que le hicieron a mi hija as\u00ed como tambi\u00e9n a mi sobrina, los sospechosos son dos y est\u00e1n sueltos\u201d expres\u00f3 la madre de la menor de 9 a\u00f1os.<\/p>\n\n\n\n<p>Fuente: <a href=\"https:\/\/impactolocal.com.ar\/2021\/02\/06\/familiares-de-dos-nenas-abusadas-sexualmente-cortaron-la-ruta-6\/\">Impacto Local<\/a><\/p>\n","protected":false},"excerpt":{"rendered":"<p>En el medio de un cruce de acusaciones entre familiares de la menor y hechos de violencia de las \u00faltimas horas, un grupo de personas interrumpen la circulaci\u00f3n de la ruta 6 en ambas manos a la altura de la entrada al Barrio.&nbsp; Todo ocurri\u00f3 en una vivienda de la calle Crossio al 100 del [&hellip;]<\/p>\n","protected":false},"author":4,"featured_media":87290,"comment_status":"open","ping_status":"closed","sticky":false,"template":"","format":"standard","meta":{"om_disable_all_campaigns":false,"_jetpack_memberships_contains_paid_content":false,"footnotes":""},"categories":[621],"tags":[],"class_list":["post-87289","post","type-post","status-publish","format-standard","has-post-thumbnail","hentry","category-regionales"],"aioseo_notices":[],"gutentor_comment":0,"jetpack_featured_media_url":"https:\/\/eldiariodesanpedro.com.ar\/sitio\/wp-content\/uploads\/2021\/02\/ruta-6-corte.jpg","jetpack_shortlink":"https:\/\/wp.me\/p6RhLt-mHT","jetpack_sharing_enabled":true,"_links":{"self":[{"href":"https:\/\/eldiariodesanpedro.com.ar\/sitio\/wp-json\/wp\/v2\/posts\/87289","targetHints":{"allow":["GET"]}}],"collection":[{"href":"https:\/\/eldiariodesanpedro.com.ar\/sitio\/wp-json\/wp\/v2\/posts"}],"about":[{"href":"https:\/\/eldiariodesanpedro.com.ar\/sitio\/wp-json\/wp\/v2\/types\/post"}],"author":[{"embeddable":true,"href":"https:\/\/eldiariodesanpedro.com.ar\/sitio\/wp-json\/wp\/v2\/users\/4"}],"replies":[{"embeddable":true,"href":"https:\/\/eldiariodesanpedro.com.ar\/sitio\/wp-json\/wp\/v2\/comments?post=87289"}],"version-history":[{"count":1,"href":"https:\/\/eldiariodesanpedro.com.ar\/sitio\/wp-json\/wp\/v2\/posts\/87289\/revisions"}],"predecessor-version":[{"id":87291,"href":"https:\/\/eldiariodesanpedro.com.ar\/sitio\/wp-json\/wp\/v2\/posts\/87289\/revisions\/87291"}],"wp:featuredmedia":[{"embeddable":true,"href":"https:\/\/eldiariodesanpedro.com.ar\/sitio\/wp-json\/wp\/v2\/media\/87290"}],"wp:attachment":[{"href":"https:\/\/eldiariodesanpedro.com.ar\/sitio\/wp-json\/wp\/v2\/media?parent=87289"}],"wp:term":[{"taxonomy":"category","embeddable":true,"href":"https:\/\/eldiariodesanpedro.com.ar\/sitio\/wp-json\/wp\/v2\/categories?post=87289"},{"taxonomy":"post_tag","embeddable":true,"href":"https:\/\/eldiariodesanpedro.com.ar\/sitio\/wp-json\/wp\/v2\/tags?post=87289"}],"curies":[{"name":"wp","href":"https:\/\/api.w.org\/{rel}","templated":true}]}}