{"id":87286,"date":"2021-02-08T10:50:01","date_gmt":"2021-02-08T13:50:01","guid":{"rendered":"https:\/\/eldiariodesanpedro.com.ar\/sitio\/?p=87286"},"modified":"2021-02-08T10:50:06","modified_gmt":"2021-02-08T13:50:06","slug":"campana-murio-un-joven-tras-chocar-su-moto-contra-un-poste","status":"publish","type":"post","link":"https:\/\/eldiariodesanpedro.com.ar\/sitio\/campana-murio-un-joven-tras-chocar-su-moto-contra-un-poste\/","title":{"rendered":"CAMPANA | Muri\u00f3 un joven tras chocar su moto contra un poste"},"content":{"rendered":"<!-- VideographyWP Plugin Message: Automatic video embedding prevented by plugin options. -->\n\n<p><strong>Javier Uriel Salas, de 22 a\u00f1os, falleci\u00f3 esta ma\u00f1ana cerca de las 7.30 al chocar su moto contra un poste cuando circulaba por la calle Espa\u00f1a.<\/strong><\/p>\n\n\n\n<p>El joven perdi\u00f3 el control de su moto, y a pesar de llevar puesto su casco, perdi\u00f3 la vida producto de la violencia del impacto.<\/p>\n\n\n\n<p>Se movilizaba con un acompa\u00f1ante que result\u00f3 ileso. Trabaj\u00f3 en el lugar un m\u00f3vil del SEMU y de la DPU, adem\u00e1s de personal policial.<\/p>\n\n\n\n<p>Fuente: <a href=\"https:\/\/impactolocal.com.ar\/2021\/02\/07\/murio-un-joven-tras-chocar-su-moto-contra-un-poste\/\">Impacto Local<\/a><\/p>\n","protected":false},"excerpt":{"rendered":"<p>Javier Uriel Salas, de 22 a\u00f1os, falleci\u00f3 esta ma\u00f1ana cerca de las 7.30 al chocar su moto contra un poste cuando circulaba por la calle Espa\u00f1a. El joven perdi\u00f3 el control de su moto, y a pesar de llevar puesto su casco, perdi\u00f3 la vida producto de la violencia del impacto. Se movilizaba con un [&hellip;]<\/p>\n","protected":false},"author":4,"featured_media":87287,"comment_status":"open","ping_status":"closed","sticky":false,"template":"","format":"standard","meta":{"om_disable_all_campaigns":false,"_jetpack_memberships_contains_paid_content":false,"footnotes":""},"categories":[621],"tags":[],"class_list":["post-87286","post","type-post","status-publish","format-standard","has-post-thumbnail","hentry","category-regionales"],"aioseo_notices":[],"gutentor_comment":0,"jetpack_featured_media_url":"https:\/\/eldiariodesanpedro.com.ar\/sitio\/wp-content\/uploads\/2021\/02\/policia-patrullero.jpg","jetpack_shortlink":"https:\/\/wp.me\/p6RhLt-mHQ","jetpack_sharing_enabled":true,"_links":{"self":[{"href":"https:\/\/eldiariodesanpedro.com.ar\/sitio\/wp-json\/wp\/v2\/posts\/87286","targetHints":{"allow":["GET"]}}],"collection":[{"href":"https:\/\/eldiariodesanpedro.com.ar\/sitio\/wp-json\/wp\/v2\/posts"}],"about":[{"href":"https:\/\/eldiariodesanpedro.com.ar\/sitio\/wp-json\/wp\/v2\/types\/post"}],"author":[{"embeddable":true,"href":"https:\/\/eldiariodesanpedro.com.ar\/sitio\/wp-json\/wp\/v2\/users\/4"}],"replies":[{"embeddable":true,"href":"https:\/\/eldiariodesanpedro.com.ar\/sitio\/wp-json\/wp\/v2\/comments?post=87286"}],"version-history":[{"count":1,"href":"https:\/\/eldiariodesanpedro.com.ar\/sitio\/wp-json\/wp\/v2\/posts\/87286\/revisions"}],"predecessor-version":[{"id":87288,"href":"https:\/\/eldiariodesanpedro.com.ar\/sitio\/wp-json\/wp\/v2\/posts\/87286\/revisions\/87288"}],"wp:featuredmedia":[{"embeddable":true,"href":"https:\/\/eldiariodesanpedro.com.ar\/sitio\/wp-json\/wp\/v2\/media\/87287"}],"wp:attachment":[{"href":"https:\/\/eldiariodesanpedro.com.ar\/sitio\/wp-json\/wp\/v2\/media?parent=87286"}],"wp:term":[{"taxonomy":"category","embeddable":true,"href":"https:\/\/eldiariodesanpedro.com.ar\/sitio\/wp-json\/wp\/v2\/categories?post=87286"},{"taxonomy":"post_tag","embeddable":true,"href":"https:\/\/eldiariodesanpedro.com.ar\/sitio\/wp-json\/wp\/v2\/tags?post=87286"}],"curies":[{"name":"wp","href":"https:\/\/api.w.org\/{rel}","templated":true}]}}