{"id":87283,"date":"2021-02-08T10:46:31","date_gmt":"2021-02-08T13:46:31","guid":{"rendered":"https:\/\/eldiariodesanpedro.com.ar\/sitio\/?p=87283"},"modified":"2021-02-08T10:46:35","modified_gmt":"2021-02-08T13:46:35","slug":"campana-perdida-de-control-y-vuelco-en-ruta-9","status":"publish","type":"post","link":"https:\/\/eldiariodesanpedro.com.ar\/sitio\/campana-perdida-de-control-y-vuelco-en-ruta-9\/","title":{"rendered":"CAMPANA | P\u00e9rdida de control y vuelco en Ruta 9"},"content":{"rendered":"<!-- VideographyWP Plugin Message: Automatic video embedding prevented by plugin options. -->\n\n<p>El hecho ocurri\u00f3 a la altura del kil\u00f3metro 68 y medio, mano a Capital Federal. Same decidi\u00f3 trasladar al conductor al nosocomio local.<\/p>\n\n\n\n<p>Contin\u00faan los vuelos de autom\u00f3viles que parecen alternarse entre las autov\u00edas de nuestra regi\u00f3n, trat\u00e1ndose en la m\u00e1s reciente instancia de la Ruta Nacional N\u00b09, ayer domingo en horas de la ma\u00f1ana.<\/p>\n\n\n\n<p>Seg\u00fan la informaci\u00f3n trascendida, el Peugeot 208 se encontraba transitando a la altura del km 68,5 mano a la ciudad de Buenos Aires cuando el conductor repentinamente perdi\u00f3 el control del veh\u00edculo y acab\u00f3 volcando en la cuneta ubicada al costado del camino.<\/p>\n\n\n\n<p>En el lugar se hicieron presentes de forma celera los servicios de emergencia, y el personal de Same estuvo encargado de asistir al automovilista.<\/p>\n\n\n\n<p>Si bien el hombre mostraba heridas leves, se tom\u00f3 la decisi\u00f3n de efectuar un traslado al Hospital Municipal San Jos\u00e9, para evitar posibles complicaciones m\u00e9dicas que pudieran surgir como resultado del siniestro.<\/p>\n\n\n\n<p>Fuente: <a href=\"https:\/\/www.campananoticias.com\/noticia\/65866\/prdida-de-control-y-vuelco-en-ruta-9\">Campana Noticias<\/a><\/p>\n","protected":false},"excerpt":{"rendered":"<p>El hecho ocurri\u00f3 a la altura del kil\u00f3metro 68 y medio, mano a Capital Federal. Same decidi\u00f3 trasladar al conductor al nosocomio local. Contin\u00faan los vuelos de autom\u00f3viles que parecen alternarse entre las autov\u00edas de nuestra regi\u00f3n, trat\u00e1ndose en la m\u00e1s reciente instancia de la Ruta Nacional N\u00b09, ayer domingo en horas de la ma\u00f1ana. [&hellip;]<\/p>\n","protected":false},"author":4,"featured_media":87284,"comment_status":"open","ping_status":"closed","sticky":false,"template":"","format":"standard","meta":{"om_disable_all_campaigns":false,"_jetpack_memberships_contains_paid_content":false,"footnotes":""},"categories":[621],"tags":[],"class_list":["post-87283","post","type-post","status-publish","format-standard","has-post-thumbnail","hentry","category-regionales"],"aioseo_notices":[],"gutentor_comment":0,"jetpack_featured_media_url":"https:\/\/eldiariodesanpedro.com.ar\/sitio\/wp-content\/uploads\/2021\/02\/20210207103436.jpeg","jetpack_shortlink":"https:\/\/wp.me\/p6RhLt-mHN","jetpack_sharing_enabled":true,"_links":{"self":[{"href":"https:\/\/eldiariodesanpedro.com.ar\/sitio\/wp-json\/wp\/v2\/posts\/87283","targetHints":{"allow":["GET"]}}],"collection":[{"href":"https:\/\/eldiariodesanpedro.com.ar\/sitio\/wp-json\/wp\/v2\/posts"}],"about":[{"href":"https:\/\/eldiariodesanpedro.com.ar\/sitio\/wp-json\/wp\/v2\/types\/post"}],"author":[{"embeddable":true,"href":"https:\/\/eldiariodesanpedro.com.ar\/sitio\/wp-json\/wp\/v2\/users\/4"}],"replies":[{"embeddable":true,"href":"https:\/\/eldiariodesanpedro.com.ar\/sitio\/wp-json\/wp\/v2\/comments?post=87283"}],"version-history":[{"count":1,"href":"https:\/\/eldiariodesanpedro.com.ar\/sitio\/wp-json\/wp\/v2\/posts\/87283\/revisions"}],"predecessor-version":[{"id":87285,"href":"https:\/\/eldiariodesanpedro.com.ar\/sitio\/wp-json\/wp\/v2\/posts\/87283\/revisions\/87285"}],"wp:featuredmedia":[{"embeddable":true,"href":"https:\/\/eldiariodesanpedro.com.ar\/sitio\/wp-json\/wp\/v2\/media\/87284"}],"wp:attachment":[{"href":"https:\/\/eldiariodesanpedro.com.ar\/sitio\/wp-json\/wp\/v2\/media?parent=87283"}],"wp:term":[{"taxonomy":"category","embeddable":true,"href":"https:\/\/eldiariodesanpedro.com.ar\/sitio\/wp-json\/wp\/v2\/categories?post=87283"},{"taxonomy":"post_tag","embeddable":true,"href":"https:\/\/eldiariodesanpedro.com.ar\/sitio\/wp-json\/wp\/v2\/tags?post=87283"}],"curies":[{"name":"wp","href":"https:\/\/api.w.org\/{rel}","templated":true}]}}